{"id":15976,"date":"2021-10-09T10:29:03","date_gmt":"2021-10-09T09:29:03","guid":{"rendered":"https:\/\/sosprimates.org\/wp\/?p=15976"},"modified":"2021-10-09T10:29:03","modified_gmt":"2021-10-09T09:29:03","slug":"journee-internationale-des-gorilles","status":"publish","type":"post","link":"https:\/\/sosprimates.org\/wp\/fr\/2021\/10\/09\/journee-internationale-des-gorilles\/","title":{"rendered":"Journ\u00e9e internationale des gorilles"},"content":{"rendered":"<div class=\"fusion-fullwidth fullwidth-box fusion-builder-row-1 nonhundred-percent-fullwidth non-hundred-percent-height-scrolling\" style=\"--awb-border-radius-top-left:0px;--awb-border-radius-top-right:0px;--awb-border-radius-bottom-right:0px;--awb-border-radius-bottom-left:0px;--awb-flex-wrap:wrap;\"><div class=\"fusion-builder-row fusion-row\"><div class=\"fusion-layout-column fusion_builder_column fusion-builder-column-0 fusion_builder_column_1_1 1_1 fusion-one-full fusion-column-first fusion-column-last\" style=\"--awb-bg-size:cover;\"><div class=\"fusion-column-wrapper fusion-column-has-shadow fusion-flex-column-wrapper-legacy\"><div class=\"fusion-text fusion-text-1\"><p style=\"text-align: justify;\"><a href=\"https:\/\/sosprimates.org\/wp\/wp-content\/uploads\/2021\/10\/242740482_4475475695833602_7458164412734130027_n.jpg\" target=\"_blank\" rel=\"noopener\"><img decoding=\"async\" class=\"alignleft wp-image-15938 size-medium\" src=\"https:\/\/sosprimates.org\/wp\/wp-content\/uploads\/2021\/10\/242740482_4475475695833602_7458164412734130027_n-286x300.jpg\" alt width=\"286\" height=\"300\" srcset=\"https:\/\/sosprimates.org\/wp\/wp-content\/uploads\/2021\/10\/242740482_4475475695833602_7458164412734130027_n-200x210.jpg 200w, https:\/\/sosprimates.org\/wp\/wp-content\/uploads\/2021\/10\/242740482_4475475695833602_7458164412734130027_n-286x300.jpg 286w, https:\/\/sosprimates.org\/wp\/wp-content\/uploads\/2021\/10\/242740482_4475475695833602_7458164412734130027_n-400x420.jpg 400w, https:\/\/sosprimates.org\/wp\/wp-content\/uploads\/2021\/10\/242740482_4475475695833602_7458164412734130027_n-600x630.jpg 600w, https:\/\/sosprimates.org\/wp\/wp-content\/uploads\/2021\/10\/242740482_4475475695833602_7458164412734130027_n.jpg 768w\" sizes=\"(max-width: 286px) 100vw, 286px\"><\/a>Aujour\u00add\u2019hui est la jour\u00adn\u00e9e inter\u00adna\u00adtio\u00adna\u00adle des gori\u00adlles, et peut-\u00eatre ne savez-vous pas qu\u2019en aidant <strong><span class=\"caps\">SOS<\/span> Pri\u00adma\u00adtes<\/strong>, vous les pro\u00adt\u00e9\u00adgez \u00e9ga\u00adle\u00adment, gr\u00e2\u00adce \u00e0 notre sou\u00adtien cons\u00adtant de dons au <span class=\"caps\">CRPL<\/span> (Cen\u00adtre de R\u00e9ha\u00adbi\u00adli\u00adta\u00adtion de Pri\u00adma\u00adtes de Lwi\u00adro), <a href=\"https:\/\/www.lwiroprimates.org\/\" target=\"_blank\" rel=\"noopener\">Lwi\u00adro Pri\u00adma\u00adtes<\/a>, qui \u00e0 cer\u00adtains moments a re\u00e7u des sai\u00adsies de petits de gori\u00adlle du parc natio\u00adnal de Kahu\u00adzi-Bie\u00adga, tout pr\u00e8s du cen\u00adtre, com\u00adme le petit sur la pho\u00adto. L\u00e0, ils ont \u00e9t\u00e9 sta\u00adbi\u00adli\u00ads\u00e9s et quand ils se sont sen\u00adtis mieux, ils ont \u00e9t\u00e9 envo\u00ady\u00e9s dans d\u2019au\u00adtres cen\u00adtres de r\u00e9cu\u00adp\u00e9\u00adra\u00adtion sp\u00e9\u00adci\u00adfi\u00adques pour les gori\u00adlles, \u00e9ga\u00adle\u00adment en R\u00e9pu\u00adbli\u00adque D\u00e9mo\u00adcra\u00adti\u00adque du&nbsp;Congo.<\/p>\n<p style=\"text-align: justify;\">Vous pou\u00advez c\u00e9l\u00e9\u00adbrer cet\u00adte jour\u00adn\u00e9e en com\u00adman\u00addant un por\u00adte-cl\u00e9s gori\u00adlle fait main par notre coll\u00e8\u00adgue Almu Her\u00adn\u00e1n\u00addez, pour seu\u00adle\u00adment un don de 4 euros (frais de port non inclus). Ils sont per\u00adson\u00adna\u00adli\u00ads\u00e9s \u00e0 votre nom. Com\u00adman\u00addes et infor\u00adma\u00adtions: <a href=\"info@sosprimates.org\" target=\"_blank\" rel=\"noopener\">info@sosprimates.org<\/a>.<\/p>\n<p><a href=\"https:\/\/sosprimates.org\/wp\/wp-content\/uploads\/2021\/10\/242795100_4475468789167626_7603927582622541399_n.jpg\" target=\"_blank\" rel=\"noopener\"><img decoding=\"async\" class=\"aligncenter wp-image-15939 size-fusion-600\" src=\"https:\/\/sosprimates.org\/wp\/wp-content\/uploads\/2021\/10\/242795100_4475468789167626_7603927582622541399_n-600x600.jpg\" alt width=\"600\" height=\"600\" srcset=\"https:\/\/sosprimates.org\/wp\/wp-content\/uploads\/2021\/10\/242795100_4475468789167626_7603927582622541399_n-66x66.jpg 66w, https:\/\/sosprimates.org\/wp\/wp-content\/uploads\/2021\/10\/242795100_4475468789167626_7603927582622541399_n-150x150.jpg 150w, https:\/\/sosprimates.org\/wp\/wp-content\/uploads\/2021\/10\/242795100_4475468789167626_7603927582622541399_n-200x200.jpg 200w, https:\/\/sosprimates.org\/wp\/wp-content\/uploads\/2021\/10\/242795100_4475468789167626_7603927582622541399_n-300x300.jpg 300w, https:\/\/sosprimates.org\/wp\/wp-content\/uploads\/2021\/10\/242795100_4475468789167626_7603927582622541399_n-400x400.jpg 400w, https:\/\/sosprimates.org\/wp\/wp-content\/uploads\/2021\/10\/242795100_4475468789167626_7603927582622541399_n-600x600.jpg 600w, https:\/\/sosprimates.org\/wp\/wp-content\/uploads\/2021\/10\/242795100_4475468789167626_7603927582622541399_n-768x768.jpg 768w, https:\/\/sosprimates.org\/wp\/wp-content\/uploads\/2021\/10\/242795100_4475468789167626_7603927582622541399_n-800x800.jpg 800w, https:\/\/sosprimates.org\/wp\/wp-content\/uploads\/2021\/10\/242795100_4475468789167626_7603927582622541399_n-1024x1024.jpg 1024w, https:\/\/sosprimates.org\/wp\/wp-content\/uploads\/2021\/10\/242795100_4475468789167626_7603927582622541399_n-1200x1200.jpg 1200w, https:\/\/sosprimates.org\/wp\/wp-content\/uploads\/2021\/10\/242795100_4475468789167626_7603927582622541399_n-1536x1536.jpg 1536w, https:\/\/sosprimates.org\/wp\/wp-content\/uploads\/2021\/10\/242795100_4475468789167626_7603927582622541399_n.jpg 1732w\" sizes=\"(max-width: 600px) 100vw, 600px\"><\/a><\/p>\n<\/div><div class=\"fusion-clearfix\"><\/div><\/div><\/div><\/div><\/div>\n","protected":false},"excerpt":{"rendered":"","protected":false},"author":1,"featured_media":15937,"comment_status":"open","ping_status":"open","sticky":false,"template":"","format":"standard","meta":{"wp_typography_post_enhancements_disabled":false,"_jetpack_memberships_contains_paid_content":false,"footnotes":""},"categories":[101],"tags":[],"class_list":["post-15976","post","type-post","status-publish","format-standard","has-post-thumbnail","hentry","category-sin-categoria-fr"],"yoast_head":"<!-- This site is optimized with the Yoast SEO plugin v27.2 - https:\/\/yoast.com\/product\/yoast-seo-wordpress\/ -->\n<title>Journ\u00e9e internationale des gorilles - SOS Primates<\/title>\n<meta name=\"robots\" content=\"index, follow, max-snippet:-1, max-image-preview:large, max-video-preview:-1\" \/>\n<link rel=\"canonical\" href=\"https:\/\/sosprimates.org\/wp\/fr\/2021\/10\/09\/journee-internationale-des-gorilles\/\" \/>\n<meta property=\"og:locale\" content=\"es_ES\" \/>\n<meta property=\"og:type\" content=\"article\" \/>\n<meta property=\"og:title\" content=\"Journ\u00e9e internationale des gorilles - SOS Primates\" \/>\n<meta property=\"og:url\" content=\"https:\/\/sosprimates.org\/wp\/fr\/2021\/10\/09\/journee-internationale-des-gorilles\/\" \/>\n<meta property=\"og:site_name\" content=\"SOS Primates\" \/>\n<meta property=\"article:publisher\" content=\"https:\/\/www.facebook.com\/profile.php?id=100067417628777\" \/>\n<meta property=\"article:published_time\" content=\"2021-10-09T09:29:03+00:00\" \/>\n<meta property=\"og:image\" content=\"https:\/\/sosprimates.org\/wp\/wp-content\/uploads\/2021\/10\/242700970_4475467312501107_6266765248324357893_n.jpg\" \/>\n\t<meta property=\"og:image:width\" content=\"293\" \/>\n\t<meta property=\"og:image:height\" content=\"172\" \/>\n\t<meta property=\"og:image:type\" content=\"image\/jpeg\" \/>\n<meta name=\"author\" content=\"admin\" \/>\n<meta name=\"twitter:card\" content=\"summary_large_image\" \/>\n<meta name=\"twitter:label1\" content=\"Escrito por\" \/>\n\t<meta name=\"twitter:data1\" content=\"admin\" \/>\n\t<meta name=\"twitter:label2\" content=\"Tiempo de lectura\" \/>\n\t<meta name=\"twitter:data2\" content=\"3 minutos\" \/>\n<script type=\"application\/ld+json\" class=\"yoast-schema-graph\">{\"@context\":\"https:\/\/schema.org\",\"@graph\":[{\"@type\":\"Article\",\"@id\":\"https:\/\/sosprimates.org\/wp\/fr\/2021\/10\/09\/journee-internationale-des-gorilles\/#article\",\"isPartOf\":{\"@id\":\"https:\/\/sosprimates.org\/wp\/fr\/2021\/10\/09\/journee-internationale-des-gorilles\/\"},\"author\":{\"name\":\"admin\",\"@id\":\"https:\/\/sosprimates.org\/wp\/#\/schema\/person\/facb7c19e8b7fdd35fcd075a3f07cf91\"},\"headline\":\"Journ\u00e9e internationale des gorilles\",\"datePublished\":\"2021-10-09T09:29:03+00:00\",\"mainEntityOfPage\":{\"@id\":\"https:\/\/sosprimates.org\/wp\/fr\/2021\/10\/09\/journee-internationale-des-gorilles\/\"},\"wordCount\":530,\"commentCount\":0,\"publisher\":{\"@id\":\"https:\/\/sosprimates.org\/wp\/#organization\"},\"image\":{\"@id\":\"https:\/\/sosprimates.org\/wp\/fr\/2021\/10\/09\/journee-internationale-des-gorilles\/#primaryimage\"},\"thumbnailUrl\":\"https:\/\/sosprimates.org\/wp\/wp-content\/uploads\/2021\/10\/242700970_4475467312501107_6266765248324357893_n.jpg\",\"inLanguage\":\"es\",\"potentialAction\":[{\"@type\":\"CommentAction\",\"name\":\"Comment\",\"target\":[\"https:\/\/sosprimates.org\/wp\/fr\/2021\/10\/09\/journee-internationale-des-gorilles\/#respond\"]}]},{\"@type\":\"WebPage\",\"@id\":\"https:\/\/sosprimates.org\/wp\/fr\/2021\/10\/09\/journee-internationale-des-gorilles\/\",\"url\":\"https:\/\/sosprimates.org\/wp\/fr\/2021\/10\/09\/journee-internationale-des-gorilles\/\",\"name\":\"Journ\u00e9e internationale des gorilles - SOS Primates\",\"isPartOf\":{\"@id\":\"https:\/\/sosprimates.org\/wp\/#website\"},\"primaryImageOfPage\":{\"@id\":\"https:\/\/sosprimates.org\/wp\/fr\/2021\/10\/09\/journee-internationale-des-gorilles\/#primaryimage\"},\"image\":{\"@id\":\"https:\/\/sosprimates.org\/wp\/fr\/2021\/10\/09\/journee-internationale-des-gorilles\/#primaryimage\"},\"thumbnailUrl\":\"https:\/\/sosprimates.org\/wp\/wp-content\/uploads\/2021\/10\/242700970_4475467312501107_6266765248324357893_n.jpg\",\"datePublished\":\"2021-10-09T09:29:03+00:00\",\"breadcrumb\":{\"@id\":\"https:\/\/sosprimates.org\/wp\/fr\/2021\/10\/09\/journee-internationale-des-gorilles\/#breadcrumb\"},\"inLanguage\":\"es\",\"potentialAction\":[{\"@type\":\"ReadAction\",\"target\":[\"https:\/\/sosprimates.org\/wp\/fr\/2021\/10\/09\/journee-internationale-des-gorilles\/\"]}]},{\"@type\":\"ImageObject\",\"inLanguage\":\"es\",\"@id\":\"https:\/\/sosprimates.org\/wp\/fr\/2021\/10\/09\/journee-internationale-des-gorilles\/#primaryimage\",\"url\":\"https:\/\/sosprimates.org\/wp\/wp-content\/uploads\/2021\/10\/242700970_4475467312501107_6266765248324357893_n.jpg\",\"contentUrl\":\"https:\/\/sosprimates.org\/wp\/wp-content\/uploads\/2021\/10\/242700970_4475467312501107_6266765248324357893_n.jpg\",\"width\":293,\"height\":172},{\"@type\":\"BreadcrumbList\",\"@id\":\"https:\/\/sosprimates.org\/wp\/fr\/2021\/10\/09\/journee-internationale-des-gorilles\/#breadcrumb\",\"itemListElement\":[{\"@type\":\"ListItem\",\"position\":1,\"name\":\"Portada\",\"item\":\"https:\/\/sosprimates.org\/wp\/\"},{\"@type\":\"ListItem\",\"position\":2,\"name\":\"Journ\u00e9e internationale des gorilles\"}]},{\"@type\":\"WebSite\",\"@id\":\"https:\/\/sosprimates.org\/wp\/#website\",\"url\":\"https:\/\/sosprimates.org\/wp\/\",\"name\":\"SOS Primates\",\"description\":\"Su futuro depende de nosotros\",\"publisher\":{\"@id\":\"https:\/\/sosprimates.org\/wp\/#organization\"},\"potentialAction\":[{\"@type\":\"SearchAction\",\"target\":{\"@type\":\"EntryPoint\",\"urlTemplate\":\"https:\/\/sosprimates.org\/wp\/?s={search_term_string}\"},\"query-input\":{\"@type\":\"PropertyValueSpecification\",\"valueRequired\":true,\"valueName\":\"search_term_string\"}}],\"inLanguage\":\"es\"},{\"@type\":\"Organization\",\"@id\":\"https:\/\/sosprimates.org\/wp\/#organization\",\"name\":\"SOS Primates\",\"url\":\"https:\/\/sosprimates.org\/wp\/\",\"logo\":{\"@type\":\"ImageObject\",\"inLanguage\":\"es\",\"@id\":\"https:\/\/sosprimates.org\/wp\/#\/schema\/logo\/image\/\",\"url\":\"https:\/\/sosprimates.org\/wp\/wp-content\/uploads\/2018\/04\/logo-red_peq.jpg\",\"contentUrl\":\"https:\/\/sosprimates.org\/wp\/wp-content\/uploads\/2018\/04\/logo-red_peq.jpg\",\"width\":150,\"height\":48,\"caption\":\"SOS Primates\"},\"image\":{\"@id\":\"https:\/\/sosprimates.org\/wp\/#\/schema\/logo\/image\/\"},\"sameAs\":[\"https:\/\/www.facebook.com\/profile.php?id=100067417628777\",\"https:\/\/www.instagram.com\/sosprimates\/\"]},{\"@type\":\"Person\",\"@id\":\"https:\/\/sosprimates.org\/wp\/#\/schema\/person\/facb7c19e8b7fdd35fcd075a3f07cf91\",\"name\":\"admin\",\"image\":{\"@type\":\"ImageObject\",\"inLanguage\":\"es\",\"@id\":\"https:\/\/secure.gravatar.com\/avatar\/d646abaeeb2e45aee780e463b1328676b0b006e6bedcabcca804a3eb51f33c16?s=96&d=mm&r=g\",\"url\":\"https:\/\/secure.gravatar.com\/avatar\/d646abaeeb2e45aee780e463b1328676b0b006e6bedcabcca804a3eb51f33c16?s=96&d=mm&r=g\",\"contentUrl\":\"https:\/\/secure.gravatar.com\/avatar\/d646abaeeb2e45aee780e463b1328676b0b006e6bedcabcca804a3eb51f33c16?s=96&d=mm&r=g\",\"caption\":\"admin\"},\"url\":\"https:\/\/sosprimates.org\/wp\/author\/admin\/\"}]}<\/script>\n<!-- \/ Yoast SEO plugin. -->","yoast_head_json":{"title":"Journ\u00e9e internationale des gorilles - SOS Primates","robots":{"index":"index","follow":"follow","max-snippet":"max-snippet:-1","max-image-preview":"max-image-preview:large","max-video-preview":"max-video-preview:-1"},"canonical":"https:\/\/sosprimates.org\/wp\/fr\/2021\/10\/09\/journee-internationale-des-gorilles\/","og_locale":"es_ES","og_type":"article","og_title":"Journ\u00e9e internationale des gorilles - SOS Primates","og_url":"https:\/\/sosprimates.org\/wp\/fr\/2021\/10\/09\/journee-internationale-des-gorilles\/","og_site_name":"SOS Primates","article_publisher":"https:\/\/www.facebook.com\/profile.php?id=100067417628777","article_published_time":"2021-10-09T09:29:03+00:00","og_image":[{"width":293,"height":172,"url":"https:\/\/sosprimates.org\/wp\/wp-content\/uploads\/2021\/10\/242700970_4475467312501107_6266765248324357893_n.jpg","type":"image\/jpeg"}],"author":"admin","twitter_card":"summary_large_image","twitter_misc":{"Escrito por":"admin","Tiempo de lectura":"3 minutos"},"schema":{"@context":"https:\/\/schema.org","@graph":[{"@type":"Article","@id":"https:\/\/sosprimates.org\/wp\/fr\/2021\/10\/09\/journee-internationale-des-gorilles\/#article","isPartOf":{"@id":"https:\/\/sosprimates.org\/wp\/fr\/2021\/10\/09\/journee-internationale-des-gorilles\/"},"author":{"name":"admin","@id":"https:\/\/sosprimates.org\/wp\/#\/schema\/person\/facb7c19e8b7fdd35fcd075a3f07cf91"},"headline":"Journ\u00e9e internationale des gorilles","datePublished":"2021-10-09T09:29:03+00:00","mainEntityOfPage":{"@id":"https:\/\/sosprimates.org\/wp\/fr\/2021\/10\/09\/journee-internationale-des-gorilles\/"},"wordCount":530,"commentCount":0,"publisher":{"@id":"https:\/\/sosprimates.org\/wp\/#organization"},"image":{"@id":"https:\/\/sosprimates.org\/wp\/fr\/2021\/10\/09\/journee-internationale-des-gorilles\/#primaryimage"},"thumbnailUrl":"https:\/\/sosprimates.org\/wp\/wp-content\/uploads\/2021\/10\/242700970_4475467312501107_6266765248324357893_n.jpg","inLanguage":"es","potentialAction":[{"@type":"CommentAction","name":"Comment","target":["https:\/\/sosprimates.org\/wp\/fr\/2021\/10\/09\/journee-internationale-des-gorilles\/#respond"]}]},{"@type":"WebPage","@id":"https:\/\/sosprimates.org\/wp\/fr\/2021\/10\/09\/journee-internationale-des-gorilles\/","url":"https:\/\/sosprimates.org\/wp\/fr\/2021\/10\/09\/journee-internationale-des-gorilles\/","name":"Journ\u00e9e internationale des gorilles - SOS Primates","isPartOf":{"@id":"https:\/\/sosprimates.org\/wp\/#website"},"primaryImageOfPage":{"@id":"https:\/\/sosprimates.org\/wp\/fr\/2021\/10\/09\/journee-internationale-des-gorilles\/#primaryimage"},"image":{"@id":"https:\/\/sosprimates.org\/wp\/fr\/2021\/10\/09\/journee-internationale-des-gorilles\/#primaryimage"},"thumbnailUrl":"https:\/\/sosprimates.org\/wp\/wp-content\/uploads\/2021\/10\/242700970_4475467312501107_6266765248324357893_n.jpg","datePublished":"2021-10-09T09:29:03+00:00","breadcrumb":{"@id":"https:\/\/sosprimates.org\/wp\/fr\/2021\/10\/09\/journee-internationale-des-gorilles\/#breadcrumb"},"inLanguage":"es","potentialAction":[{"@type":"ReadAction","target":["https:\/\/sosprimates.org\/wp\/fr\/2021\/10\/09\/journee-internationale-des-gorilles\/"]}]},{"@type":"ImageObject","inLanguage":"es","@id":"https:\/\/sosprimates.org\/wp\/fr\/2021\/10\/09\/journee-internationale-des-gorilles\/#primaryimage","url":"https:\/\/sosprimates.org\/wp\/wp-content\/uploads\/2021\/10\/242700970_4475467312501107_6266765248324357893_n.jpg","contentUrl":"https:\/\/sosprimates.org\/wp\/wp-content\/uploads\/2021\/10\/242700970_4475467312501107_6266765248324357893_n.jpg","width":293,"height":172},{"@type":"BreadcrumbList","@id":"https:\/\/sosprimates.org\/wp\/fr\/2021\/10\/09\/journee-internationale-des-gorilles\/#breadcrumb","itemListElement":[{"@type":"ListItem","position":1,"name":"Portada","item":"https:\/\/sosprimates.org\/wp\/"},{"@type":"ListItem","position":2,"name":"Journ\u00e9e internationale des gorilles"}]},{"@type":"WebSite","@id":"https:\/\/sosprimates.org\/wp\/#website","url":"https:\/\/sosprimates.org\/wp\/","name":"SOS Primates","description":"Su futuro depende de nosotros","publisher":{"@id":"https:\/\/sosprimates.org\/wp\/#organization"},"potentialAction":[{"@type":"SearchAction","target":{"@type":"EntryPoint","urlTemplate":"https:\/\/sosprimates.org\/wp\/?s={search_term_string}"},"query-input":{"@type":"PropertyValueSpecification","valueRequired":true,"valueName":"search_term_string"}}],"inLanguage":"es"},{"@type":"Organization","@id":"https:\/\/sosprimates.org\/wp\/#organization","name":"SOS Primates","url":"https:\/\/sosprimates.org\/wp\/","logo":{"@type":"ImageObject","inLanguage":"es","@id":"https:\/\/sosprimates.org\/wp\/#\/schema\/logo\/image\/","url":"https:\/\/sosprimates.org\/wp\/wp-content\/uploads\/2018\/04\/logo-red_peq.jpg","contentUrl":"https:\/\/sosprimates.org\/wp\/wp-content\/uploads\/2018\/04\/logo-red_peq.jpg","width":150,"height":48,"caption":"SOS Primates"},"image":{"@id":"https:\/\/sosprimates.org\/wp\/#\/schema\/logo\/image\/"},"sameAs":["https:\/\/www.facebook.com\/profile.php?id=100067417628777","https:\/\/www.instagram.com\/sosprimates\/"]},{"@type":"Person","@id":"https:\/\/sosprimates.org\/wp\/#\/schema\/person\/facb7c19e8b7fdd35fcd075a3f07cf91","name":"admin","image":{"@type":"ImageObject","inLanguage":"es","@id":"https:\/\/secure.gravatar.com\/avatar\/d646abaeeb2e45aee780e463b1328676b0b006e6bedcabcca804a3eb51f33c16?s=96&d=mm&r=g","url":"https:\/\/secure.gravatar.com\/avatar\/d646abaeeb2e45aee780e463b1328676b0b006e6bedcabcca804a3eb51f33c16?s=96&d=mm&r=g","contentUrl":"https:\/\/secure.gravatar.com\/avatar\/d646abaeeb2e45aee780e463b1328676b0b006e6bedcabcca804a3eb51f33c16?s=96&d=mm&r=g","caption":"admin"},"url":"https:\/\/sosprimates.org\/wp\/author\/admin\/"}]}},"jetpack_featured_media_url":"https:\/\/sosprimates.org\/wp\/wp-content\/uploads\/2021\/10\/242700970_4475467312501107_6266765248324357893_n.jpg","jetpack_sharing_enabled":true,"_links":{"self":[{"href":"https:\/\/sosprimates.org\/wp\/wp-json\/wp\/v2\/posts\/15976","targetHints":{"allow":["GET"]}}],"collection":[{"href":"https:\/\/sosprimates.org\/wp\/wp-json\/wp\/v2\/posts"}],"about":[{"href":"https:\/\/sosprimates.org\/wp\/wp-json\/wp\/v2\/types\/post"}],"author":[{"embeddable":true,"href":"https:\/\/sosprimates.org\/wp\/wp-json\/wp\/v2\/users\/1"}],"replies":[{"embeddable":true,"href":"https:\/\/sosprimates.org\/wp\/wp-json\/wp\/v2\/comments?post=15976"}],"version-history":[{"count":1,"href":"https:\/\/sosprimates.org\/wp\/wp-json\/wp\/v2\/posts\/15976\/revisions"}],"predecessor-version":[{"id":15977,"href":"https:\/\/sosprimates.org\/wp\/wp-json\/wp\/v2\/posts\/15976\/revisions\/15977"}],"wp:featuredmedia":[{"embeddable":true,"href":"https:\/\/sosprimates.org\/wp\/wp-json\/wp\/v2\/media\/15937"}],"wp:attachment":[{"href":"https:\/\/sosprimates.org\/wp\/wp-json\/wp\/v2\/media?parent=15976"}],"wp:term":[{"taxonomy":"category","embeddable":true,"href":"https:\/\/sosprimates.org\/wp\/wp-json\/wp\/v2\/categories?post=15976"},{"taxonomy":"post_tag","embeddable":true,"href":"https:\/\/sosprimates.org\/wp\/wp-json\/wp\/v2\/tags?post=15976"}],"curies":[{"name":"wp","href":"https:\/\/api.w.org\/{rel}","templated":true}]}}