{"id":16807,"date":"2022-04-27T06:25:22","date_gmt":"2022-04-27T05:25:22","guid":{"rendered":"https:\/\/sosprimates.org\/wp\/?p=16807"},"modified":"2022-04-27T06:25:22","modified_gmt":"2022-04-27T05:25:22","slug":"collaboration-danses-ethniques-bastet-avec-sos-primates","status":"publish","type":"post","link":"https:\/\/sosprimates.org\/wp\/fr\/2022\/04\/27\/collaboration-danses-ethniques-bastet-avec-sos-primates\/","title":{"rendered":"Collaboration Danses Ethniques Bastet avec <span class=\"caps\">SOS<\/span> Primates"},"content":{"rendered":"<div class=\"fusion-fullwidth fullwidth-box fusion-builder-row-1 nonhundred-percent-fullwidth non-hundred-percent-height-scrolling\" style=\"--awb-border-radius-top-left:0px;--awb-border-radius-top-right:0px;--awb-border-radius-bottom-right:0px;--awb-border-radius-bottom-left:0px;--awb-flex-wrap:wrap;\"><div class=\"fusion-builder-row fusion-row\"><div class=\"fusion-layout-column fusion_builder_column fusion-builder-column-0 fusion_builder_column_1_1 1_1 fusion-one-full fusion-column-first fusion-column-last\" style=\"--awb-bg-size:cover;\"><div class=\"fusion-column-wrapper fusion-column-has-shadow fusion-flex-column-wrapper-legacy\"><div class=\"awb-gallery-wrapper awb-gallery-wrapper-1 button-span-no\"><div style=\"margin:-5px;--awb-bordersize:0px;\" class=\"fusion-gallery fusion-gallery-container fusion-grid-2 fusion-columns-total-2 fusion-gallery-layout-grid fusion-gallery-1\"><div style=\"padding:5px;\" class=\"fusion-grid-column fusion-gallery-column fusion-gallery-column-2 hover-type-none\"><div class=\"fusion-gallery-image\"><a href=\"https:\/\/sosprimates.org\/wp\/wp-content\/uploads\/2022\/04\/mother-eart.jpg\" target=\"_blank\"><img decoding=\"async\" src=\"https:\/\/sosprimates.org\/wp\/wp-content\/uploads\/2022\/04\/mother-eart.jpg\" width=\"1131\" height=\"1600\" alt title=\"mother eart\" aria-label=\"mother eart\" class=\"img-responsive wp-image-16772\" srcset=\"https:\/\/sosprimates.org\/wp\/wp-content\/uploads\/2022\/04\/mother-eart-200x283.jpg 200w, https:\/\/sosprimates.org\/wp\/wp-content\/uploads\/2022\/04\/mother-eart-400x566.jpg 400w, https:\/\/sosprimates.org\/wp\/wp-content\/uploads\/2022\/04\/mother-eart-600x849.jpg 600w, https:\/\/sosprimates.org\/wp\/wp-content\/uploads\/2022\/04\/mother-eart-800x1132.jpg 800w, https:\/\/sosprimates.org\/wp\/wp-content\/uploads\/2022\/04\/mother-eart.jpg 1131w\" sizes=\"(min-width: 2200px) 100vw, (min-width: 732px) 548px, (min-width: 640px) 732px, \"><\/a><\/div><\/div><div style=\"padding:5px;\" class=\"fusion-grid-column fusion-gallery-column fusion-gallery-column-2 hover-type-none\"><div class=\"fusion-gallery-image\"><a href=\"https:\/\/sosprimates.org\/wp\/wp-content\/uploads\/2022\/04\/cartel.jpg\" target=\"_blank\"><img decoding=\"async\" src=\"https:\/\/sosprimates.org\/wp\/wp-content\/uploads\/2022\/04\/cartel.jpg\" width=\"1131\" height=\"1600\" alt title=\"cartel\" aria-label=\"cartel\" class=\"img-responsive wp-image-16771\" srcset=\"https:\/\/sosprimates.org\/wp\/wp-content\/uploads\/2022\/04\/cartel-200x283.jpg 200w, https:\/\/sosprimates.org\/wp\/wp-content\/uploads\/2022\/04\/cartel-400x566.jpg 400w, https:\/\/sosprimates.org\/wp\/wp-content\/uploads\/2022\/04\/cartel-600x849.jpg 600w, https:\/\/sosprimates.org\/wp\/wp-content\/uploads\/2022\/04\/cartel-800x1132.jpg 800w, https:\/\/sosprimates.org\/wp\/wp-content\/uploads\/2022\/04\/cartel.jpg 1131w\" sizes=\"(min-width: 2200px) 100vw, (min-width: 732px) 548px, (min-width: 640px) 732px, \"><\/a><\/div><\/div><div class=\"clearfix\"><\/div><\/div><\/div><div class=\"fusion-sep-clear\"><\/div><div class=\"fusion-separator fusion-full-width-sep\" style=\"margin-left: auto;margin-right: auto;margin-top:10px;margin-bottom:10px;width:100%;\"><\/div><div class=\"fusion-sep-clear\"><\/div><div class=\"fusion-text fusion-text-1\" style=\"--awb-text-transform:none;\"><p style=\"text-align: justify;\">Une autre colla\u00adbo\u00adra\u00adtion de Jadeh et de sa <strong>Com\u00adpag\u00adnie de Dan\u00adses Eth\u00adni\u00adques Bas\u00adtet<\/strong>, d\u2019Al\u00adca\u00adl\u00e1 de Hena\u00adres avec <span class=\"caps\">SOS<\/span> Pri\u00adma\u00adtes. Le same\u00addi 23 avril, ils se pro\u00addui\u00adsent \u00e0 la Salle Paco de Luc\u00eda, \u00e0 Alca\u00adl\u00e1 de Hena\u00adres, avec leur spec\u00adta\u00adcle \u201cTerre M\u00e8re\u201d, bas\u00e9 sur la pla\u00adn\u00e8\u00adte Terre, avec un mes\u00adsa\u00adge impor\u00adtant de con\u00adser\u00adva\u00adtion et de res\u00adpect pour celle-ci, et une cho\u00adr\u00e9\u00adgraphie dif\u00adf\u00e9\u00adren\u00adte qu\u2019\u00e0 l\u2019accoutum\u00e9e , ori\u00adgi\u00adna\u00adle, artis\u00adti\u00adque et tr\u00e8s tra\u00advai\u00adll\u00e9e, qui pour s\u00fbr va enchanter.<\/p>\n<p style=\"text-align: justify;\">Les mem\u00adbres de la com\u00adpag\u00adnie t\u00e9moig\u00adnent de leur soli\u00adda\u00adri\u00adt\u00e9 et de leur enga\u00adge\u00adment envers le <span class=\"caps\">CRPL<\/span>, <a href=\"https:\/\/www.lwiroprimates.org\/\" target=\"_blank\" rel=\"noopener\">Lwi\u00adro Pri\u00adma\u00adtes<\/a>, en ver\u00adsant 1% des recet\u00adtes obte\u00adnues, qui ser\u00advi\u00adra aux d\u00e9pen\u00adses ali\u00admen\u00adtai\u00adres des orphe\u00adlins dudit cen\u00adtre, com\u00adme \u201cKali\u00adma\u201d et \u201d Ushi\u00adri\u00adki\u201d sur la pho\u00adto. En fait, une de nos b\u00e9n\u00e9\u00advo\u00adles madri\u00adl\u00e8\u00adnes, Nata\u00adlia Gar\u00adc\u00eda Mes\u00adtres, fait par\u00adtie du casting.<\/p>\n<p style=\"text-align: justify;\">Les artis\u00adtes invi\u00adt\u00e9s Hai\u00adma Lotus et Eva Cha\u00adc\u00f3n se pro\u00addui\u00adront \u00e9galement.<\/p>\n<p style=\"text-align: justify;\">Vous pou\u00advez con\u00adtac\u00adter&nbsp;<a href=\"mailto:hola@geadanza.com\" target=\"_blank\" rel=\"noopener\">hola@geadanza.com<\/a> ou sur le site <a href=\"https:\/\/www.geadanza.com\/\" target=\"_blank\" rel=\"noopener\">www.geadanza.com<\/a>, les billets sont main\u00adte\u00adnant dis\u00adpo\u00adni\u00adbles. Ne man\u00adquez pas le v\u00f4tre ! C\u2019est une belle &nbsp;mani\u00e8\u00adre de sou\u00adte\u00adnir la dan\u00adse, la cul\u00adtu\u00adre et bien s\u00fbr <strong><span class=\"caps\">SOS<\/span> Pri\u00adma\u00adtes<\/strong>.<\/p>\n<p><a href=\"https:\/\/sosprimates.org\/wp\/wp-content\/uploads\/2022\/04\/chips.jpg\" target=\"_blank\" rel=\"noopener\"><img decoding=\"async\" class=\"aligncenter wp-image-16770 size-fusion-600\" src=\"https:\/\/sosprimates.org\/wp\/wp-content\/uploads\/2022\/04\/chips-600x400.jpg\" alt width=\"600\" height=\"400\" srcset=\"https:\/\/sosprimates.org\/wp\/wp-content\/uploads\/2022\/04\/chips-200x133.jpg 200w, https:\/\/sosprimates.org\/wp\/wp-content\/uploads\/2022\/04\/chips-300x200.jpg 300w, https:\/\/sosprimates.org\/wp\/wp-content\/uploads\/2022\/04\/chips-400x267.jpg 400w, https:\/\/sosprimates.org\/wp\/wp-content\/uploads\/2022\/04\/chips-600x400.jpg 600w, https:\/\/sosprimates.org\/wp\/wp-content\/uploads\/2022\/04\/chips-768x512.jpg 768w, https:\/\/sosprimates.org\/wp\/wp-content\/uploads\/2022\/04\/chips-800x533.jpg 800w, https:\/\/sosprimates.org\/wp\/wp-content\/uploads\/2022\/04\/chips-1024x683.jpg 1024w, https:\/\/sosprimates.org\/wp\/wp-content\/uploads\/2022\/04\/chips.jpg 1080w\" sizes=\"(max-width: 600px) 100vw, 600px\"><\/a><\/p>\n<\/div><div class=\"fusion-clearfix\"><\/div><\/div><\/div><\/div><\/div>\n","protected":false},"excerpt":{"rendered":"","protected":false},"author":1,"featured_media":16772,"comment_status":"open","ping_status":"open","sticky":false,"template":"","format":"standard","meta":{"wp_typography_post_enhancements_disabled":false,"_jetpack_memberships_contains_paid_content":false,"footnotes":""},"categories":[101],"tags":[],"class_list":["post-16807","post","type-post","status-publish","format-standard","has-post-thumbnail","hentry","category-sin-categoria-fr"],"yoast_head":"<!-- This site is optimized with the Yoast SEO plugin v27.2 - https:\/\/yoast.com\/product\/yoast-seo-wordpress\/ -->\n<title>Collaboration Danses Ethniques Bastet avec SOS Primates - SOS Primates<\/title>\n<meta name=\"robots\" content=\"index, follow, max-snippet:-1, max-image-preview:large, max-video-preview:-1\" \/>\n<link rel=\"canonical\" href=\"https:\/\/sosprimates.org\/wp\/fr\/2022\/04\/27\/collaboration-danses-ethniques-bastet-avec-sos-primates\/\" \/>\n<meta property=\"og:locale\" content=\"es_ES\" \/>\n<meta property=\"og:type\" content=\"article\" \/>\n<meta property=\"og:title\" content=\"Collaboration Danses Ethniques Bastet avec SOS Primates - SOS Primates\" \/>\n<meta property=\"og:url\" content=\"https:\/\/sosprimates.org\/wp\/fr\/2022\/04\/27\/collaboration-danses-ethniques-bastet-avec-sos-primates\/\" \/>\n<meta property=\"og:site_name\" content=\"SOS Primates\" \/>\n<meta property=\"article:publisher\" content=\"https:\/\/www.facebook.com\/profile.php?id=100067417628777\" \/>\n<meta property=\"article:published_time\" content=\"2022-04-27T05:25:22+00:00\" \/>\n<meta property=\"og:image\" content=\"https:\/\/sosprimates.org\/wp\/wp-content\/uploads\/2022\/04\/mother-eart.jpg\" \/>\n\t<meta property=\"og:image:width\" content=\"1131\" \/>\n\t<meta property=\"og:image:height\" content=\"1600\" \/>\n\t<meta property=\"og:image:type\" content=\"image\/jpeg\" \/>\n<meta name=\"author\" content=\"admin\" \/>\n<meta name=\"twitter:card\" content=\"summary_large_image\" \/>\n<meta name=\"twitter:label1\" content=\"Escrito por\" \/>\n\t<meta name=\"twitter:data1\" content=\"admin\" \/>\n\t<meta name=\"twitter:label2\" content=\"Tiempo de lectura\" \/>\n\t<meta name=\"twitter:data2\" content=\"4 minutos\" \/>\n<script type=\"application\/ld+json\" class=\"yoast-schema-graph\">{\"@context\":\"https:\/\/schema.org\",\"@graph\":[{\"@type\":\"Article\",\"@id\":\"https:\/\/sosprimates.org\/wp\/fr\/2022\/04\/27\/collaboration-danses-ethniques-bastet-avec-sos-primates\/#article\",\"isPartOf\":{\"@id\":\"https:\/\/sosprimates.org\/wp\/fr\/2022\/04\/27\/collaboration-danses-ethniques-bastet-avec-sos-primates\/\"},\"author\":{\"name\":\"admin\",\"@id\":\"https:\/\/sosprimates.org\/wp\/#\/schema\/person\/facb7c19e8b7fdd35fcd075a3f07cf91\"},\"headline\":\"Collaboration Danses Ethniques Bastet avec SOS Primates\",\"datePublished\":\"2022-04-27T05:25:22+00:00\",\"mainEntityOfPage\":{\"@id\":\"https:\/\/sosprimates.org\/wp\/fr\/2022\/04\/27\/collaboration-danses-ethniques-bastet-avec-sos-primates\/\"},\"wordCount\":802,\"commentCount\":0,\"publisher\":{\"@id\":\"https:\/\/sosprimates.org\/wp\/#organization\"},\"image\":{\"@id\":\"https:\/\/sosprimates.org\/wp\/fr\/2022\/04\/27\/collaboration-danses-ethniques-bastet-avec-sos-primates\/#primaryimage\"},\"thumbnailUrl\":\"https:\/\/sosprimates.org\/wp\/wp-content\/uploads\/2022\/04\/mother-eart.jpg\",\"inLanguage\":\"es\",\"potentialAction\":[{\"@type\":\"CommentAction\",\"name\":\"Comment\",\"target\":[\"https:\/\/sosprimates.org\/wp\/fr\/2022\/04\/27\/collaboration-danses-ethniques-bastet-avec-sos-primates\/#respond\"]}]},{\"@type\":\"WebPage\",\"@id\":\"https:\/\/sosprimates.org\/wp\/fr\/2022\/04\/27\/collaboration-danses-ethniques-bastet-avec-sos-primates\/\",\"url\":\"https:\/\/sosprimates.org\/wp\/fr\/2022\/04\/27\/collaboration-danses-ethniques-bastet-avec-sos-primates\/\",\"name\":\"Collaboration Danses Ethniques Bastet avec SOS Primates - SOS Primates\",\"isPartOf\":{\"@id\":\"https:\/\/sosprimates.org\/wp\/#website\"},\"primaryImageOfPage\":{\"@id\":\"https:\/\/sosprimates.org\/wp\/fr\/2022\/04\/27\/collaboration-danses-ethniques-bastet-avec-sos-primates\/#primaryimage\"},\"image\":{\"@id\":\"https:\/\/sosprimates.org\/wp\/fr\/2022\/04\/27\/collaboration-danses-ethniques-bastet-avec-sos-primates\/#primaryimage\"},\"thumbnailUrl\":\"https:\/\/sosprimates.org\/wp\/wp-content\/uploads\/2022\/04\/mother-eart.jpg\",\"datePublished\":\"2022-04-27T05:25:22+00:00\",\"breadcrumb\":{\"@id\":\"https:\/\/sosprimates.org\/wp\/fr\/2022\/04\/27\/collaboration-danses-ethniques-bastet-avec-sos-primates\/#breadcrumb\"},\"inLanguage\":\"es\",\"potentialAction\":[{\"@type\":\"ReadAction\",\"target\":[\"https:\/\/sosprimates.org\/wp\/fr\/2022\/04\/27\/collaboration-danses-ethniques-bastet-avec-sos-primates\/\"]}]},{\"@type\":\"ImageObject\",\"inLanguage\":\"es\",\"@id\":\"https:\/\/sosprimates.org\/wp\/fr\/2022\/04\/27\/collaboration-danses-ethniques-bastet-avec-sos-primates\/#primaryimage\",\"url\":\"https:\/\/sosprimates.org\/wp\/wp-content\/uploads\/2022\/04\/mother-eart.jpg\",\"contentUrl\":\"https:\/\/sosprimates.org\/wp\/wp-content\/uploads\/2022\/04\/mother-eart.jpg\",\"width\":1131,\"height\":1600},{\"@type\":\"BreadcrumbList\",\"@id\":\"https:\/\/sosprimates.org\/wp\/fr\/2022\/04\/27\/collaboration-danses-ethniques-bastet-avec-sos-primates\/#breadcrumb\",\"itemListElement\":[{\"@type\":\"ListItem\",\"position\":1,\"name\":\"Portada\",\"item\":\"https:\/\/sosprimates.org\/wp\/\"},{\"@type\":\"ListItem\",\"position\":2,\"name\":\"Collaboration Danses Ethniques Bastet avec SOS Primates\"}]},{\"@type\":\"WebSite\",\"@id\":\"https:\/\/sosprimates.org\/wp\/#website\",\"url\":\"https:\/\/sosprimates.org\/wp\/\",\"name\":\"SOS Primates\",\"description\":\"Su futuro depende de nosotros\",\"publisher\":{\"@id\":\"https:\/\/sosprimates.org\/wp\/#organization\"},\"potentialAction\":[{\"@type\":\"SearchAction\",\"target\":{\"@type\":\"EntryPoint\",\"urlTemplate\":\"https:\/\/sosprimates.org\/wp\/?s={search_term_string}\"},\"query-input\":{\"@type\":\"PropertyValueSpecification\",\"valueRequired\":true,\"valueName\":\"search_term_string\"}}],\"inLanguage\":\"es\"},{\"@type\":\"Organization\",\"@id\":\"https:\/\/sosprimates.org\/wp\/#organization\",\"name\":\"SOS Primates\",\"url\":\"https:\/\/sosprimates.org\/wp\/\",\"logo\":{\"@type\":\"ImageObject\",\"inLanguage\":\"es\",\"@id\":\"https:\/\/sosprimates.org\/wp\/#\/schema\/logo\/image\/\",\"url\":\"https:\/\/sosprimates.org\/wp\/wp-content\/uploads\/2018\/04\/logo-red_peq.jpg\",\"contentUrl\":\"https:\/\/sosprimates.org\/wp\/wp-content\/uploads\/2018\/04\/logo-red_peq.jpg\",\"width\":150,\"height\":48,\"caption\":\"SOS Primates\"},\"image\":{\"@id\":\"https:\/\/sosprimates.org\/wp\/#\/schema\/logo\/image\/\"},\"sameAs\":[\"https:\/\/www.facebook.com\/profile.php?id=100067417628777\",\"https:\/\/www.instagram.com\/sosprimates\/\"]},{\"@type\":\"Person\",\"@id\":\"https:\/\/sosprimates.org\/wp\/#\/schema\/person\/facb7c19e8b7fdd35fcd075a3f07cf91\",\"name\":\"admin\",\"image\":{\"@type\":\"ImageObject\",\"inLanguage\":\"es\",\"@id\":\"https:\/\/secure.gravatar.com\/avatar\/d646abaeeb2e45aee780e463b1328676b0b006e6bedcabcca804a3eb51f33c16?s=96&d=mm&r=g\",\"url\":\"https:\/\/secure.gravatar.com\/avatar\/d646abaeeb2e45aee780e463b1328676b0b006e6bedcabcca804a3eb51f33c16?s=96&d=mm&r=g\",\"contentUrl\":\"https:\/\/secure.gravatar.com\/avatar\/d646abaeeb2e45aee780e463b1328676b0b006e6bedcabcca804a3eb51f33c16?s=96&d=mm&r=g\",\"caption\":\"admin\"},\"url\":\"https:\/\/sosprimates.org\/wp\/author\/admin\/\"}]}<\/script>\n<!-- \/ Yoast SEO plugin. -->","yoast_head_json":{"title":"Collaboration Danses Ethniques Bastet avec SOS Primates - SOS Primates","robots":{"index":"index","follow":"follow","max-snippet":"max-snippet:-1","max-image-preview":"max-image-preview:large","max-video-preview":"max-video-preview:-1"},"canonical":"https:\/\/sosprimates.org\/wp\/fr\/2022\/04\/27\/collaboration-danses-ethniques-bastet-avec-sos-primates\/","og_locale":"es_ES","og_type":"article","og_title":"Collaboration Danses Ethniques Bastet avec SOS Primates - SOS Primates","og_url":"https:\/\/sosprimates.org\/wp\/fr\/2022\/04\/27\/collaboration-danses-ethniques-bastet-avec-sos-primates\/","og_site_name":"SOS Primates","article_publisher":"https:\/\/www.facebook.com\/profile.php?id=100067417628777","article_published_time":"2022-04-27T05:25:22+00:00","og_image":[{"width":1131,"height":1600,"url":"https:\/\/sosprimates.org\/wp\/wp-content\/uploads\/2022\/04\/mother-eart.jpg","type":"image\/jpeg"}],"author":"admin","twitter_card":"summary_large_image","twitter_misc":{"Escrito por":"admin","Tiempo de lectura":"4 minutos"},"schema":{"@context":"https:\/\/schema.org","@graph":[{"@type":"Article","@id":"https:\/\/sosprimates.org\/wp\/fr\/2022\/04\/27\/collaboration-danses-ethniques-bastet-avec-sos-primates\/#article","isPartOf":{"@id":"https:\/\/sosprimates.org\/wp\/fr\/2022\/04\/27\/collaboration-danses-ethniques-bastet-avec-sos-primates\/"},"author":{"name":"admin","@id":"https:\/\/sosprimates.org\/wp\/#\/schema\/person\/facb7c19e8b7fdd35fcd075a3f07cf91"},"headline":"Collaboration Danses Ethniques Bastet avec SOS Primates","datePublished":"2022-04-27T05:25:22+00:00","mainEntityOfPage":{"@id":"https:\/\/sosprimates.org\/wp\/fr\/2022\/04\/27\/collaboration-danses-ethniques-bastet-avec-sos-primates\/"},"wordCount":802,"commentCount":0,"publisher":{"@id":"https:\/\/sosprimates.org\/wp\/#organization"},"image":{"@id":"https:\/\/sosprimates.org\/wp\/fr\/2022\/04\/27\/collaboration-danses-ethniques-bastet-avec-sos-primates\/#primaryimage"},"thumbnailUrl":"https:\/\/sosprimates.org\/wp\/wp-content\/uploads\/2022\/04\/mother-eart.jpg","inLanguage":"es","potentialAction":[{"@type":"CommentAction","name":"Comment","target":["https:\/\/sosprimates.org\/wp\/fr\/2022\/04\/27\/collaboration-danses-ethniques-bastet-avec-sos-primates\/#respond"]}]},{"@type":"WebPage","@id":"https:\/\/sosprimates.org\/wp\/fr\/2022\/04\/27\/collaboration-danses-ethniques-bastet-avec-sos-primates\/","url":"https:\/\/sosprimates.org\/wp\/fr\/2022\/04\/27\/collaboration-danses-ethniques-bastet-avec-sos-primates\/","name":"Collaboration Danses Ethniques Bastet avec SOS Primates - SOS Primates","isPartOf":{"@id":"https:\/\/sosprimates.org\/wp\/#website"},"primaryImageOfPage":{"@id":"https:\/\/sosprimates.org\/wp\/fr\/2022\/04\/27\/collaboration-danses-ethniques-bastet-avec-sos-primates\/#primaryimage"},"image":{"@id":"https:\/\/sosprimates.org\/wp\/fr\/2022\/04\/27\/collaboration-danses-ethniques-bastet-avec-sos-primates\/#primaryimage"},"thumbnailUrl":"https:\/\/sosprimates.org\/wp\/wp-content\/uploads\/2022\/04\/mother-eart.jpg","datePublished":"2022-04-27T05:25:22+00:00","breadcrumb":{"@id":"https:\/\/sosprimates.org\/wp\/fr\/2022\/04\/27\/collaboration-danses-ethniques-bastet-avec-sos-primates\/#breadcrumb"},"inLanguage":"es","potentialAction":[{"@type":"ReadAction","target":["https:\/\/sosprimates.org\/wp\/fr\/2022\/04\/27\/collaboration-danses-ethniques-bastet-avec-sos-primates\/"]}]},{"@type":"ImageObject","inLanguage":"es","@id":"https:\/\/sosprimates.org\/wp\/fr\/2022\/04\/27\/collaboration-danses-ethniques-bastet-avec-sos-primates\/#primaryimage","url":"https:\/\/sosprimates.org\/wp\/wp-content\/uploads\/2022\/04\/mother-eart.jpg","contentUrl":"https:\/\/sosprimates.org\/wp\/wp-content\/uploads\/2022\/04\/mother-eart.jpg","width":1131,"height":1600},{"@type":"BreadcrumbList","@id":"https:\/\/sosprimates.org\/wp\/fr\/2022\/04\/27\/collaboration-danses-ethniques-bastet-avec-sos-primates\/#breadcrumb","itemListElement":[{"@type":"ListItem","position":1,"name":"Portada","item":"https:\/\/sosprimates.org\/wp\/"},{"@type":"ListItem","position":2,"name":"Collaboration Danses Ethniques Bastet avec SOS Primates"}]},{"@type":"WebSite","@id":"https:\/\/sosprimates.org\/wp\/#website","url":"https:\/\/sosprimates.org\/wp\/","name":"SOS Primates","description":"Su futuro depende de nosotros","publisher":{"@id":"https:\/\/sosprimates.org\/wp\/#organization"},"potentialAction":[{"@type":"SearchAction","target":{"@type":"EntryPoint","urlTemplate":"https:\/\/sosprimates.org\/wp\/?s={search_term_string}"},"query-input":{"@type":"PropertyValueSpecification","valueRequired":true,"valueName":"search_term_string"}}],"inLanguage":"es"},{"@type":"Organization","@id":"https:\/\/sosprimates.org\/wp\/#organization","name":"SOS Primates","url":"https:\/\/sosprimates.org\/wp\/","logo":{"@type":"ImageObject","inLanguage":"es","@id":"https:\/\/sosprimates.org\/wp\/#\/schema\/logo\/image\/","url":"https:\/\/sosprimates.org\/wp\/wp-content\/uploads\/2018\/04\/logo-red_peq.jpg","contentUrl":"https:\/\/sosprimates.org\/wp\/wp-content\/uploads\/2018\/04\/logo-red_peq.jpg","width":150,"height":48,"caption":"SOS Primates"},"image":{"@id":"https:\/\/sosprimates.org\/wp\/#\/schema\/logo\/image\/"},"sameAs":["https:\/\/www.facebook.com\/profile.php?id=100067417628777","https:\/\/www.instagram.com\/sosprimates\/"]},{"@type":"Person","@id":"https:\/\/sosprimates.org\/wp\/#\/schema\/person\/facb7c19e8b7fdd35fcd075a3f07cf91","name":"admin","image":{"@type":"ImageObject","inLanguage":"es","@id":"https:\/\/secure.gravatar.com\/avatar\/d646abaeeb2e45aee780e463b1328676b0b006e6bedcabcca804a3eb51f33c16?s=96&d=mm&r=g","url":"https:\/\/secure.gravatar.com\/avatar\/d646abaeeb2e45aee780e463b1328676b0b006e6bedcabcca804a3eb51f33c16?s=96&d=mm&r=g","contentUrl":"https:\/\/secure.gravatar.com\/avatar\/d646abaeeb2e45aee780e463b1328676b0b006e6bedcabcca804a3eb51f33c16?s=96&d=mm&r=g","caption":"admin"},"url":"https:\/\/sosprimates.org\/wp\/author\/admin\/"}]}},"jetpack_featured_media_url":"https:\/\/sosprimates.org\/wp\/wp-content\/uploads\/2022\/04\/mother-eart.jpg","jetpack_sharing_enabled":true,"_links":{"self":[{"href":"https:\/\/sosprimates.org\/wp\/wp-json\/wp\/v2\/posts\/16807","targetHints":{"allow":["GET"]}}],"collection":[{"href":"https:\/\/sosprimates.org\/wp\/wp-json\/wp\/v2\/posts"}],"about":[{"href":"https:\/\/sosprimates.org\/wp\/wp-json\/wp\/v2\/types\/post"}],"author":[{"embeddable":true,"href":"https:\/\/sosprimates.org\/wp\/wp-json\/wp\/v2\/users\/1"}],"replies":[{"embeddable":true,"href":"https:\/\/sosprimates.org\/wp\/wp-json\/wp\/v2\/comments?post=16807"}],"version-history":[{"count":1,"href":"https:\/\/sosprimates.org\/wp\/wp-json\/wp\/v2\/posts\/16807\/revisions"}],"predecessor-version":[{"id":16808,"href":"https:\/\/sosprimates.org\/wp\/wp-json\/wp\/v2\/posts\/16807\/revisions\/16808"}],"wp:featuredmedia":[{"embeddable":true,"href":"https:\/\/sosprimates.org\/wp\/wp-json\/wp\/v2\/media\/16772"}],"wp:attachment":[{"href":"https:\/\/sosprimates.org\/wp\/wp-json\/wp\/v2\/media?parent=16807"}],"wp:term":[{"taxonomy":"category","embeddable":true,"href":"https:\/\/sosprimates.org\/wp\/wp-json\/wp\/v2\/categories?post=16807"},{"taxonomy":"post_tag","embeddable":true,"href":"https:\/\/sosprimates.org\/wp\/wp-json\/wp\/v2\/tags?post=16807"}],"curies":[{"name":"wp","href":"https:\/\/api.w.org\/{rel}","templated":true}]}}