{"id":17489,"date":"2022-09-24T07:49:11","date_gmt":"2022-09-24T06:49:11","guid":{"rendered":"https:\/\/sosprimates.org\/wp\/?p=17489"},"modified":"2022-09-30T07:48:10","modified_gmt":"2022-09-30T06:48:10","slug":"journee-mondiale-des-gorilles","status":"publish","type":"post","link":"https:\/\/sosprimates.org\/wp\/fr\/2022\/09\/24\/journee-mondiale-des-gorilles\/","title":{"rendered":"Journ\u00e9e mondiale des Gorilles"},"content":{"rendered":"<div class=\"fusion-fullwidth fullwidth-box fusion-builder-row-1 nonhundred-percent-fullwidth non-hundred-percent-height-scrolling\" style=\"--awb-border-radius-top-left:0px;--awb-border-radius-top-right:0px;--awb-border-radius-bottom-right:0px;--awb-border-radius-bottom-left:0px;--awb-flex-wrap:wrap;\"><div class=\"fusion-builder-row fusion-row\"><div class=\"fusion-layout-column fusion_builder_column fusion-builder-column-0 fusion_builder_column_1_1 1_1 fusion-one-full fusion-column-first fusion-column-last\" style=\"--awb-bg-size:cover;\"><div class=\"fusion-column-wrapper fusion-column-has-shadow fusion-flex-column-wrapper-legacy\"><div class=\"fusion-text fusion-text-1\" style=\"--awb-text-transform:none;\"><h2 dir=\"auto\"><a href=\"https:\/\/sosprimates.org\/wp\/wp-content\/uploads\/2022\/09\/FB_IMG_1664085023910-1.jpg\"><img decoding=\"async\" class=\"size-full wp-image-17484 aligncenter\" src=\"https:\/\/sosprimates.org\/wp\/wp-content\/uploads\/2022\/09\/FB_IMG_1664085023910-1.jpg\" alt width=\"720\" height=\"423\" srcset=\"https:\/\/sosprimates.org\/wp\/wp-content\/uploads\/2022\/09\/FB_IMG_1664085023910-1-200x118.jpg 200w, https:\/\/sosprimates.org\/wp\/wp-content\/uploads\/2022\/09\/FB_IMG_1664085023910-1-300x176.jpg 300w, https:\/\/sosprimates.org\/wp\/wp-content\/uploads\/2022\/09\/FB_IMG_1664085023910-1-400x235.jpg 400w, https:\/\/sosprimates.org\/wp\/wp-content\/uploads\/2022\/09\/FB_IMG_1664085023910-1-600x353.jpg 600w, https:\/\/sosprimates.org\/wp\/wp-content\/uploads\/2022\/09\/FB_IMG_1664085023910-1.jpg 720w\" sizes=\"(max-width: 720px) 100vw, 720px\"><\/a><\/h2>\n<h2 style=\"text-align: center;\">Aujourd\u2019hui, c\u2019est la Journ\u00e9e Mondiale des Gorilles<\/h2>\n<p>Nous esp\u00e9\u00adrons que cet\u00adte jour\u00adn\u00e9e aide\u00adra les gou\u00adver\u00adne\u00adments, les ins\u00adti\u00adtu\u00adtions et les par\u00adti\u00adcu\u00adliers \u00e0 trou\u00adver un moyen pour leur protection.<\/p>\n<p>Chez <strong><span class=\"caps\">SOS<\/span> Pri\u00adma\u00adtes<\/strong>, nous les aidons \u00e9ga\u00adle\u00adment \u00e0 tra\u00advers les cen\u00adtres avec les\u00adquels nous collaborons.<\/p>\n<p>Le <a href=\"https:\/\/www.lwiroprimates.org\/\" target=\"_blank\" rel=\"noopener\"><span class=\"caps\">CRPL<\/span>, Lwi\u00adro Pri\u00adma\u00adtes<\/a> tra\u00advai\u00adlle inten\u00ads\u00e9\u00adment avec les gori\u00adlles de Grauer du Parc Natio\u00adnal de Kahu\u00adzi-Bie\u00adga et a mis \u00e0 dis\u00adpo\u00adsi\u00adtion \u00e0 plu\u00adsieurs repri\u00adses ses pro\u00adfes\u00adsion\u00adnels pour des acti\u00advi\u00adt\u00e9s v\u00e9t\u00e9\u00adri\u00adnai\u00adres ou d\u2019ac\u00adcueil tem\u00adpo\u00adrai\u00adre d\u2019un orphelin.<\/p>\n<p>Et cet\u00adte ann\u00e9e, notre calen\u00addrier soli\u00addai\u00adre se des\u00adti\u00adne au <a href=\"https:\/\/limbewildlife.org\/\" target=\"_blank\" rel=\"noopener\">Lim\u00adbe Wild\u00adli\u00adfe Cen\u00adtre<\/a>, o\u00f9 vivent 14 gori\u00adlles orphe\u00adlins issus du tra\u00adfic ill\u00e9\u00adgal et de la con\u00adsom\u00adma\u00adtion de vian\u00adde de brous\u00adse (\u2018bush\u00admeat\u2019).<\/p>\n<p>Com\u00adman\u00addes et infor\u00adma\u00adtions&nbsp;:&nbsp;<a href=\"mailto:info@sosprimates.org\">info@sosprimates.org<\/a><\/p>\n<\/div><div class=\"fusion-clearfix\"><\/div><\/div><\/div><\/div><\/div>\n","protected":false},"excerpt":{"rendered":"","protected":false},"author":1,"featured_media":17484,"comment_status":"open","ping_status":"open","sticky":false,"template":"","format":"standard","meta":{"wp_typography_post_enhancements_disabled":false,"_jetpack_memberships_contains_paid_content":false,"footnotes":""},"categories":[101],"tags":[],"class_list":["post-17489","post","type-post","status-publish","format-standard","has-post-thumbnail","hentry","category-sin-categoria-fr"],"yoast_head":"<!-- This site is optimized with the Yoast SEO plugin v27.2 - https:\/\/yoast.com\/product\/yoast-seo-wordpress\/ -->\n<title>Journ\u00e9e mondiale des Gorilles - SOS Primates<\/title>\n<meta name=\"robots\" content=\"index, follow, max-snippet:-1, max-image-preview:large, max-video-preview:-1\" \/>\n<link rel=\"canonical\" href=\"https:\/\/sosprimates.org\/wp\/fr\/2022\/09\/24\/journee-mondiale-des-gorilles\/\" \/>\n<meta property=\"og:locale\" content=\"es_ES\" \/>\n<meta property=\"og:type\" content=\"article\" \/>\n<meta property=\"og:title\" content=\"Journ\u00e9e mondiale des Gorilles - SOS Primates\" \/>\n<meta property=\"og:url\" content=\"https:\/\/sosprimates.org\/wp\/fr\/2022\/09\/24\/journee-mondiale-des-gorilles\/\" \/>\n<meta property=\"og:site_name\" content=\"SOS Primates\" \/>\n<meta property=\"article:publisher\" content=\"https:\/\/www.facebook.com\/profile.php?id=100067417628777\" \/>\n<meta property=\"article:published_time\" content=\"2022-09-24T06:49:11+00:00\" \/>\n<meta property=\"article:modified_time\" content=\"2022-09-30T06:48:10+00:00\" \/>\n<meta property=\"og:image\" content=\"https:\/\/sosprimates.org\/wp\/wp-content\/uploads\/2022\/09\/FB_IMG_1664085023910-1.jpg\" \/>\n\t<meta property=\"og:image:width\" content=\"720\" \/>\n\t<meta property=\"og:image:height\" content=\"423\" \/>\n\t<meta property=\"og:image:type\" content=\"image\/jpeg\" \/>\n<meta name=\"author\" content=\"admin\" \/>\n<meta name=\"twitter:card\" content=\"summary_large_image\" \/>\n<meta name=\"twitter:label1\" content=\"Escrito por\" \/>\n\t<meta name=\"twitter:data1\" content=\"admin\" \/>\n\t<meta name=\"twitter:label2\" content=\"Tiempo de lectura\" \/>\n\t<meta name=\"twitter:data2\" content=\"2 minutos\" \/>\n<script type=\"application\/ld+json\" class=\"yoast-schema-graph\">{\"@context\":\"https:\/\/schema.org\",\"@graph\":[{\"@type\":\"Article\",\"@id\":\"https:\/\/sosprimates.org\/wp\/fr\/2022\/09\/24\/journee-mondiale-des-gorilles\/#article\",\"isPartOf\":{\"@id\":\"https:\/\/sosprimates.org\/wp\/fr\/2022\/09\/24\/journee-mondiale-des-gorilles\/\"},\"author\":{\"name\":\"admin\",\"@id\":\"https:\/\/sosprimates.org\/wp\/#\/schema\/person\/facb7c19e8b7fdd35fcd075a3f07cf91\"},\"headline\":\"Journ\u00e9e mondiale des Gorilles\",\"datePublished\":\"2022-09-24T06:49:11+00:00\",\"dateModified\":\"2022-09-30T06:48:10+00:00\",\"mainEntityOfPage\":{\"@id\":\"https:\/\/sosprimates.org\/wp\/fr\/2022\/09\/24\/journee-mondiale-des-gorilles\/\"},\"wordCount\":500,\"commentCount\":0,\"publisher\":{\"@id\":\"https:\/\/sosprimates.org\/wp\/#organization\"},\"image\":{\"@id\":\"https:\/\/sosprimates.org\/wp\/fr\/2022\/09\/24\/journee-mondiale-des-gorilles\/#primaryimage\"},\"thumbnailUrl\":\"https:\/\/sosprimates.org\/wp\/wp-content\/uploads\/2022\/09\/FB_IMG_1664085023910-1.jpg\",\"inLanguage\":\"es\",\"potentialAction\":[{\"@type\":\"CommentAction\",\"name\":\"Comment\",\"target\":[\"https:\/\/sosprimates.org\/wp\/fr\/2022\/09\/24\/journee-mondiale-des-gorilles\/#respond\"]}]},{\"@type\":\"WebPage\",\"@id\":\"https:\/\/sosprimates.org\/wp\/fr\/2022\/09\/24\/journee-mondiale-des-gorilles\/\",\"url\":\"https:\/\/sosprimates.org\/wp\/fr\/2022\/09\/24\/journee-mondiale-des-gorilles\/\",\"name\":\"Journ\u00e9e mondiale des Gorilles - SOS Primates\",\"isPartOf\":{\"@id\":\"https:\/\/sosprimates.org\/wp\/#website\"},\"primaryImageOfPage\":{\"@id\":\"https:\/\/sosprimates.org\/wp\/fr\/2022\/09\/24\/journee-mondiale-des-gorilles\/#primaryimage\"},\"image\":{\"@id\":\"https:\/\/sosprimates.org\/wp\/fr\/2022\/09\/24\/journee-mondiale-des-gorilles\/#primaryimage\"},\"thumbnailUrl\":\"https:\/\/sosprimates.org\/wp\/wp-content\/uploads\/2022\/09\/FB_IMG_1664085023910-1.jpg\",\"datePublished\":\"2022-09-24T06:49:11+00:00\",\"dateModified\":\"2022-09-30T06:48:10+00:00\",\"breadcrumb\":{\"@id\":\"https:\/\/sosprimates.org\/wp\/fr\/2022\/09\/24\/journee-mondiale-des-gorilles\/#breadcrumb\"},\"inLanguage\":\"es\",\"potentialAction\":[{\"@type\":\"ReadAction\",\"target\":[\"https:\/\/sosprimates.org\/wp\/fr\/2022\/09\/24\/journee-mondiale-des-gorilles\/\"]}]},{\"@type\":\"ImageObject\",\"inLanguage\":\"es\",\"@id\":\"https:\/\/sosprimates.org\/wp\/fr\/2022\/09\/24\/journee-mondiale-des-gorilles\/#primaryimage\",\"url\":\"https:\/\/sosprimates.org\/wp\/wp-content\/uploads\/2022\/09\/FB_IMG_1664085023910-1.jpg\",\"contentUrl\":\"https:\/\/sosprimates.org\/wp\/wp-content\/uploads\/2022\/09\/FB_IMG_1664085023910-1.jpg\",\"width\":720,\"height\":423},{\"@type\":\"BreadcrumbList\",\"@id\":\"https:\/\/sosprimates.org\/wp\/fr\/2022\/09\/24\/journee-mondiale-des-gorilles\/#breadcrumb\",\"itemListElement\":[{\"@type\":\"ListItem\",\"position\":1,\"name\":\"Portada\",\"item\":\"https:\/\/sosprimates.org\/wp\/\"},{\"@type\":\"ListItem\",\"position\":2,\"name\":\"Journ\u00e9e mondiale des Gorilles\"}]},{\"@type\":\"WebSite\",\"@id\":\"https:\/\/sosprimates.org\/wp\/#website\",\"url\":\"https:\/\/sosprimates.org\/wp\/\",\"name\":\"SOS Primates\",\"description\":\"Su futuro depende de nosotros\",\"publisher\":{\"@id\":\"https:\/\/sosprimates.org\/wp\/#organization\"},\"potentialAction\":[{\"@type\":\"SearchAction\",\"target\":{\"@type\":\"EntryPoint\",\"urlTemplate\":\"https:\/\/sosprimates.org\/wp\/?s={search_term_string}\"},\"query-input\":{\"@type\":\"PropertyValueSpecification\",\"valueRequired\":true,\"valueName\":\"search_term_string\"}}],\"inLanguage\":\"es\"},{\"@type\":\"Organization\",\"@id\":\"https:\/\/sosprimates.org\/wp\/#organization\",\"name\":\"SOS Primates\",\"url\":\"https:\/\/sosprimates.org\/wp\/\",\"logo\":{\"@type\":\"ImageObject\",\"inLanguage\":\"es\",\"@id\":\"https:\/\/sosprimates.org\/wp\/#\/schema\/logo\/image\/\",\"url\":\"https:\/\/sosprimates.org\/wp\/wp-content\/uploads\/2018\/04\/logo-red_peq.jpg\",\"contentUrl\":\"https:\/\/sosprimates.org\/wp\/wp-content\/uploads\/2018\/04\/logo-red_peq.jpg\",\"width\":150,\"height\":48,\"caption\":\"SOS Primates\"},\"image\":{\"@id\":\"https:\/\/sosprimates.org\/wp\/#\/schema\/logo\/image\/\"},\"sameAs\":[\"https:\/\/www.facebook.com\/profile.php?id=100067417628777\",\"https:\/\/www.instagram.com\/sosprimates\/\"]},{\"@type\":\"Person\",\"@id\":\"https:\/\/sosprimates.org\/wp\/#\/schema\/person\/facb7c19e8b7fdd35fcd075a3f07cf91\",\"name\":\"admin\",\"image\":{\"@type\":\"ImageObject\",\"inLanguage\":\"es\",\"@id\":\"https:\/\/secure.gravatar.com\/avatar\/d646abaeeb2e45aee780e463b1328676b0b006e6bedcabcca804a3eb51f33c16?s=96&d=mm&r=g\",\"url\":\"https:\/\/secure.gravatar.com\/avatar\/d646abaeeb2e45aee780e463b1328676b0b006e6bedcabcca804a3eb51f33c16?s=96&d=mm&r=g\",\"contentUrl\":\"https:\/\/secure.gravatar.com\/avatar\/d646abaeeb2e45aee780e463b1328676b0b006e6bedcabcca804a3eb51f33c16?s=96&d=mm&r=g\",\"caption\":\"admin\"},\"url\":\"https:\/\/sosprimates.org\/wp\/author\/admin\/\"}]}<\/script>\n<!-- \/ Yoast SEO plugin. -->","yoast_head_json":{"title":"Journ\u00e9e mondiale des Gorilles - SOS Primates","robots":{"index":"index","follow":"follow","max-snippet":"max-snippet:-1","max-image-preview":"max-image-preview:large","max-video-preview":"max-video-preview:-1"},"canonical":"https:\/\/sosprimates.org\/wp\/fr\/2022\/09\/24\/journee-mondiale-des-gorilles\/","og_locale":"es_ES","og_type":"article","og_title":"Journ\u00e9e mondiale des Gorilles - SOS Primates","og_url":"https:\/\/sosprimates.org\/wp\/fr\/2022\/09\/24\/journee-mondiale-des-gorilles\/","og_site_name":"SOS Primates","article_publisher":"https:\/\/www.facebook.com\/profile.php?id=100067417628777","article_published_time":"2022-09-24T06:49:11+00:00","article_modified_time":"2022-09-30T06:48:10+00:00","og_image":[{"width":720,"height":423,"url":"https:\/\/sosprimates.org\/wp\/wp-content\/uploads\/2022\/09\/FB_IMG_1664085023910-1.jpg","type":"image\/jpeg"}],"author":"admin","twitter_card":"summary_large_image","twitter_misc":{"Escrito por":"admin","Tiempo de lectura":"2 minutos"},"schema":{"@context":"https:\/\/schema.org","@graph":[{"@type":"Article","@id":"https:\/\/sosprimates.org\/wp\/fr\/2022\/09\/24\/journee-mondiale-des-gorilles\/#article","isPartOf":{"@id":"https:\/\/sosprimates.org\/wp\/fr\/2022\/09\/24\/journee-mondiale-des-gorilles\/"},"author":{"name":"admin","@id":"https:\/\/sosprimates.org\/wp\/#\/schema\/person\/facb7c19e8b7fdd35fcd075a3f07cf91"},"headline":"Journ\u00e9e mondiale des Gorilles","datePublished":"2022-09-24T06:49:11+00:00","dateModified":"2022-09-30T06:48:10+00:00","mainEntityOfPage":{"@id":"https:\/\/sosprimates.org\/wp\/fr\/2022\/09\/24\/journee-mondiale-des-gorilles\/"},"wordCount":500,"commentCount":0,"publisher":{"@id":"https:\/\/sosprimates.org\/wp\/#organization"},"image":{"@id":"https:\/\/sosprimates.org\/wp\/fr\/2022\/09\/24\/journee-mondiale-des-gorilles\/#primaryimage"},"thumbnailUrl":"https:\/\/sosprimates.org\/wp\/wp-content\/uploads\/2022\/09\/FB_IMG_1664085023910-1.jpg","inLanguage":"es","potentialAction":[{"@type":"CommentAction","name":"Comment","target":["https:\/\/sosprimates.org\/wp\/fr\/2022\/09\/24\/journee-mondiale-des-gorilles\/#respond"]}]},{"@type":"WebPage","@id":"https:\/\/sosprimates.org\/wp\/fr\/2022\/09\/24\/journee-mondiale-des-gorilles\/","url":"https:\/\/sosprimates.org\/wp\/fr\/2022\/09\/24\/journee-mondiale-des-gorilles\/","name":"Journ\u00e9e mondiale des Gorilles - SOS Primates","isPartOf":{"@id":"https:\/\/sosprimates.org\/wp\/#website"},"primaryImageOfPage":{"@id":"https:\/\/sosprimates.org\/wp\/fr\/2022\/09\/24\/journee-mondiale-des-gorilles\/#primaryimage"},"image":{"@id":"https:\/\/sosprimates.org\/wp\/fr\/2022\/09\/24\/journee-mondiale-des-gorilles\/#primaryimage"},"thumbnailUrl":"https:\/\/sosprimates.org\/wp\/wp-content\/uploads\/2022\/09\/FB_IMG_1664085023910-1.jpg","datePublished":"2022-09-24T06:49:11+00:00","dateModified":"2022-09-30T06:48:10+00:00","breadcrumb":{"@id":"https:\/\/sosprimates.org\/wp\/fr\/2022\/09\/24\/journee-mondiale-des-gorilles\/#breadcrumb"},"inLanguage":"es","potentialAction":[{"@type":"ReadAction","target":["https:\/\/sosprimates.org\/wp\/fr\/2022\/09\/24\/journee-mondiale-des-gorilles\/"]}]},{"@type":"ImageObject","inLanguage":"es","@id":"https:\/\/sosprimates.org\/wp\/fr\/2022\/09\/24\/journee-mondiale-des-gorilles\/#primaryimage","url":"https:\/\/sosprimates.org\/wp\/wp-content\/uploads\/2022\/09\/FB_IMG_1664085023910-1.jpg","contentUrl":"https:\/\/sosprimates.org\/wp\/wp-content\/uploads\/2022\/09\/FB_IMG_1664085023910-1.jpg","width":720,"height":423},{"@type":"BreadcrumbList","@id":"https:\/\/sosprimates.org\/wp\/fr\/2022\/09\/24\/journee-mondiale-des-gorilles\/#breadcrumb","itemListElement":[{"@type":"ListItem","position":1,"name":"Portada","item":"https:\/\/sosprimates.org\/wp\/"},{"@type":"ListItem","position":2,"name":"Journ\u00e9e mondiale des Gorilles"}]},{"@type":"WebSite","@id":"https:\/\/sosprimates.org\/wp\/#website","url":"https:\/\/sosprimates.org\/wp\/","name":"SOS Primates","description":"Su futuro depende de nosotros","publisher":{"@id":"https:\/\/sosprimates.org\/wp\/#organization"},"potentialAction":[{"@type":"SearchAction","target":{"@type":"EntryPoint","urlTemplate":"https:\/\/sosprimates.org\/wp\/?s={search_term_string}"},"query-input":{"@type":"PropertyValueSpecification","valueRequired":true,"valueName":"search_term_string"}}],"inLanguage":"es"},{"@type":"Organization","@id":"https:\/\/sosprimates.org\/wp\/#organization","name":"SOS Primates","url":"https:\/\/sosprimates.org\/wp\/","logo":{"@type":"ImageObject","inLanguage":"es","@id":"https:\/\/sosprimates.org\/wp\/#\/schema\/logo\/image\/","url":"https:\/\/sosprimates.org\/wp\/wp-content\/uploads\/2018\/04\/logo-red_peq.jpg","contentUrl":"https:\/\/sosprimates.org\/wp\/wp-content\/uploads\/2018\/04\/logo-red_peq.jpg","width":150,"height":48,"caption":"SOS Primates"},"image":{"@id":"https:\/\/sosprimates.org\/wp\/#\/schema\/logo\/image\/"},"sameAs":["https:\/\/www.facebook.com\/profile.php?id=100067417628777","https:\/\/www.instagram.com\/sosprimates\/"]},{"@type":"Person","@id":"https:\/\/sosprimates.org\/wp\/#\/schema\/person\/facb7c19e8b7fdd35fcd075a3f07cf91","name":"admin","image":{"@type":"ImageObject","inLanguage":"es","@id":"https:\/\/secure.gravatar.com\/avatar\/d646abaeeb2e45aee780e463b1328676b0b006e6bedcabcca804a3eb51f33c16?s=96&d=mm&r=g","url":"https:\/\/secure.gravatar.com\/avatar\/d646abaeeb2e45aee780e463b1328676b0b006e6bedcabcca804a3eb51f33c16?s=96&d=mm&r=g","contentUrl":"https:\/\/secure.gravatar.com\/avatar\/d646abaeeb2e45aee780e463b1328676b0b006e6bedcabcca804a3eb51f33c16?s=96&d=mm&r=g","caption":"admin"},"url":"https:\/\/sosprimates.org\/wp\/author\/admin\/"}]}},"jetpack_featured_media_url":"https:\/\/sosprimates.org\/wp\/wp-content\/uploads\/2022\/09\/FB_IMG_1664085023910-1.jpg","jetpack_sharing_enabled":true,"_links":{"self":[{"href":"https:\/\/sosprimates.org\/wp\/wp-json\/wp\/v2\/posts\/17489","targetHints":{"allow":["GET"]}}],"collection":[{"href":"https:\/\/sosprimates.org\/wp\/wp-json\/wp\/v2\/posts"}],"about":[{"href":"https:\/\/sosprimates.org\/wp\/wp-json\/wp\/v2\/types\/post"}],"author":[{"embeddable":true,"href":"https:\/\/sosprimates.org\/wp\/wp-json\/wp\/v2\/users\/1"}],"replies":[{"embeddable":true,"href":"https:\/\/sosprimates.org\/wp\/wp-json\/wp\/v2\/comments?post=17489"}],"version-history":[{"count":1,"href":"https:\/\/sosprimates.org\/wp\/wp-json\/wp\/v2\/posts\/17489\/revisions"}],"predecessor-version":[{"id":17490,"href":"https:\/\/sosprimates.org\/wp\/wp-json\/wp\/v2\/posts\/17489\/revisions\/17490"}],"wp:featuredmedia":[{"embeddable":true,"href":"https:\/\/sosprimates.org\/wp\/wp-json\/wp\/v2\/media\/17484"}],"wp:attachment":[{"href":"https:\/\/sosprimates.org\/wp\/wp-json\/wp\/v2\/media?parent=17489"}],"wp:term":[{"taxonomy":"category","embeddable":true,"href":"https:\/\/sosprimates.org\/wp\/wp-json\/wp\/v2\/categories?post=17489"},{"taxonomy":"post_tag","embeddable":true,"href":"https:\/\/sosprimates.org\/wp\/wp-json\/wp\/v2\/tags?post=17489"}],"curies":[{"name":"wp","href":"https:\/\/api.w.org\/{rel}","templated":true}]}}