{"id":18915,"date":"2023-09-17T20:16:57","date_gmt":"2023-09-17T19:16:57","guid":{"rendered":"https:\/\/sosprimates.org\/wp\/?p=18915"},"modified":"2023-09-17T20:16:57","modified_gmt":"2023-09-17T19:16:57","slug":"crpl-centre-accredite-par-la-gfas","status":"publish","type":"post","link":"https:\/\/sosprimates.org\/wp\/fr\/2023\/09\/17\/crpl-centre-accredite-par-la-gfas\/","title":{"rendered":"<span class=\"caps\">CRPL<\/span>, centre accr\u00e9dit\u00e9 par la&nbsp;<span class=\"caps\">GFAS<\/span>"},"content":{"rendered":"<div class=\"fusion-fullwidth fullwidth-box fusion-builder-row-1 fusion-flex-container has-pattern-background has-mask-background nonhundred-percent-fullwidth non-hundred-percent-height-scrolling\" style=\"--awb-border-radius-top-left:0px;--awb-border-radius-top-right:0px;--awb-border-radius-bottom-right:0px;--awb-border-radius-bottom-left:0px;--awb-flex-wrap:wrap;\"><div class=\"fusion-builder-row fusion-row fusion-flex-align-items-flex-start fusion-flex-content-wrap\" style=\"max-width:1144px;margin-left: calc(-4% \/ 2 );margin-right: calc(-4% \/ 2 );\"><div class=\"fusion-layout-column fusion_builder_column fusion-builder-column-0 fusion_builder_column_1_1 1_1 fusion-flex-column\" style=\"--awb-bg-size:cover;--awb-width-large:100%;--awb-margin-top-large:0px;--awb-spacing-right-large:1.92%;--awb-margin-bottom-large:20px;--awb-spacing-left-large:1.92%;--awb-width-medium:100%;--awb-order-medium:0;--awb-spacing-right-medium:1.92%;--awb-spacing-left-medium:1.92%;--awb-width-small:100%;--awb-order-small:0;--awb-spacing-right-small:1.92%;--awb-spacing-left-small:1.92%;\"><div class=\"fusion-column-wrapper fusion-column-has-shadow fusion-flex-justify-content-flex-start fusion-content-layout-column\"><div class=\"fusion-text fusion-text-1\"><p>Aujour\u00add\u2019hui, nous som\u00admes heu\u00adreux de rece\u00advoir l\u2019ac\u00adcep\u00adta\u00adtion du <span class=\"caps\">CRPL<\/span>, <a href=\"https:\/\/www.lwiroprimates.org\/\" target=\"_blank\" rel=\"noopener\">Lwi\u00adro Pri\u00adma\u00adtes<\/a>, com\u00adme cen\u00adtre accr\u00e9\u00addi\u00adt\u00e9 par la <a href=\"https:\/\/sanctuaryfederation.org\/\" target=\"_blank\" rel=\"noopener\">Glo\u00adbal Fede\u00adra\u00adtion of Ani\u00admal Sanc\u00adtua\u00adries<\/a> (<span class=\"caps\">GFAS<\/span>).<\/p>\n<p>Cet\u00adte accr\u00e9\u00addi\u00adta\u00adtion sig\u00adni\u00adfie que le <span class=\"caps\">CRPL<\/span> r\u00e9pond aux stan\u00addards de soin et de bien-\u00eatre ani\u00admal,&nbsp; qui sont exa\u00admi\u00adn\u00e9s de fa\u00e7on pr\u00e9\u00adsen\u00adtie\u00adlle, en plus de r\u00e9pon\u00addre aux valeurs \u00e9thi\u00adques. Cela sig\u00adni\u00adfie beau\u00adcoup pour ce cen\u00adtre, pour <strong><span class=\"caps\">SOS<\/span> Pri\u00adma\u00adtes<\/strong> et pour tous ceux qui nous aident, cela mon\u00adtre le s\u00e9rieux et le bon tra\u00advail du cen\u00adtre que nous sou\u00adte\u00adnons, com\u00adme le d\u00e9mon\u00adtre la sta\u00adbi\u00adli\u00adt\u00e9 des grou\u00adpes de chim\u00adpan\u00adz\u00e9s, com\u00adme celui de Pori, sur la&nbsp;photo.<\/p>\n<p><a href=\"https:\/\/sosprimates.org\/wp\/wp-content\/uploads\/2023\/09\/FB_IMG_1694439405365.jpg\" target=\"_blank\" rel=\"noopener\"><img decoding=\"async\" class=\"aligncenter wp-image-18911 size-fusion-600\" src=\"https:\/\/sosprimates.org\/wp\/wp-content\/uploads\/2023\/09\/FB_IMG_1694439405365-600x400.jpg\" alt width=\"600\" height=\"400\" srcset=\"https:\/\/sosprimates.org\/wp\/wp-content\/uploads\/2023\/09\/FB_IMG_1694439405365-200x133.jpg 200w, https:\/\/sosprimates.org\/wp\/wp-content\/uploads\/2023\/09\/FB_IMG_1694439405365-300x200.jpg 300w, https:\/\/sosprimates.org\/wp\/wp-content\/uploads\/2023\/09\/FB_IMG_1694439405365-400x267.jpg 400w, https:\/\/sosprimates.org\/wp\/wp-content\/uploads\/2023\/09\/FB_IMG_1694439405365-600x400.jpg 600w, https:\/\/sosprimates.org\/wp\/wp-content\/uploads\/2023\/09\/FB_IMG_1694439405365.jpg 720w\" sizes=\"(max-width: 600px) 100vw, 600px\"><\/a><\/p>\n<p>F\u00e9li\u00adci\u00adta\u00adtions \u00e0 tou\u00adte l\u2019\u00e9\u00adqui\u00adpe et \u00e0 tous ceux qui ren\u00addent cela possible&nbsp;\ud83d\udc9a<\/p>\n<p>Si vous envi\u00adsa\u00adgez d\u2019of\u00adfrir un cadeau ces jours-ci et que vous souhai\u00adtez qu\u2019il soit soli\u00addai\u00adre et \u00e9thi\u00adque, regar\u00addez ces colliers con\u00adfec\u00adtion\u00adn\u00e9s en tis\u00adsu afri\u00adcain par les fem\u00admes han\u00addi\u00adca\u00adp\u00e9es de Heri Kwe\u00adtu, en R\u00e9pu\u00adbli\u00adque D\u00e9mo\u00adcra\u00adti\u00adque du Con\u00adgo, pour un don de 15&nbsp;euros.<\/p>\n<p>\ud83d\udc49\ud83d\udc49 Plus d\u2019in\u00adfor\u00adma\u00adtions et com\u00adman\u00addes : <a href=\"mailto:info@sosprimates.org\" target=\"_blank\" rel=\"noopener\">info@sosprimates.org<\/a><\/p>\n<p><a href=\"https:\/\/sosprimates.org\/wp\/wp-content\/uploads\/2023\/09\/FB_IMG_1694439407936.jpg\"><img decoding=\"async\" class=\"size-full wp-image-18910 aligncenter\" src=\"https:\/\/sosprimates.org\/wp\/wp-content\/uploads\/2023\/09\/FB_IMG_1694439407936.jpg\" alt width=\"720\" height=\"405\" srcset=\"https:\/\/sosprimates.org\/wp\/wp-content\/uploads\/2023\/09\/FB_IMG_1694439407936-200x113.jpg 200w, https:\/\/sosprimates.org\/wp\/wp-content\/uploads\/2023\/09\/FB_IMG_1694439407936-300x169.jpg 300w, https:\/\/sosprimates.org\/wp\/wp-content\/uploads\/2023\/09\/FB_IMG_1694439407936-400x225.jpg 400w, https:\/\/sosprimates.org\/wp\/wp-content\/uploads\/2023\/09\/FB_IMG_1694439407936-600x338.jpg 600w, https:\/\/sosprimates.org\/wp\/wp-content\/uploads\/2023\/09\/FB_IMG_1694439407936.jpg 720w\" sizes=\"(max-width: 720px) 100vw, 720px\"><\/a><\/p>\n<\/div><\/div><\/div><\/div><\/div>\n","protected":false},"excerpt":{"rendered":"","protected":false},"author":1,"featured_media":18911,"comment_status":"closed","ping_status":"closed","sticky":false,"template":"","format":"standard","meta":{"wp_typography_post_enhancements_disabled":false,"_jetpack_memberships_contains_paid_content":false,"footnotes":""},"categories":[101],"tags":[],"class_list":["post-18915","post","type-post","status-publish","format-standard","has-post-thumbnail","hentry","category-sin-categoria-fr"],"yoast_head":"<!-- This site is optimized with the Yoast SEO plugin v27.2 - https:\/\/yoast.com\/product\/yoast-seo-wordpress\/ -->\n<title>CRPL, centre accr\u00e9dit\u00e9 par la GFAS - SOS Primates<\/title>\n<meta name=\"robots\" content=\"index, follow, max-snippet:-1, max-image-preview:large, max-video-preview:-1\" \/>\n<link rel=\"canonical\" href=\"https:\/\/sosprimates.org\/wp\/fr\/2023\/09\/17\/crpl-centre-accredite-par-la-gfas\/\" \/>\n<meta property=\"og:locale\" content=\"es_ES\" \/>\n<meta property=\"og:type\" content=\"article\" \/>\n<meta property=\"og:title\" content=\"CRPL, centre accr\u00e9dit\u00e9 par la GFAS - SOS Primates\" \/>\n<meta property=\"og:url\" content=\"https:\/\/sosprimates.org\/wp\/fr\/2023\/09\/17\/crpl-centre-accredite-par-la-gfas\/\" \/>\n<meta property=\"og:site_name\" content=\"SOS Primates\" \/>\n<meta property=\"article:publisher\" content=\"https:\/\/www.facebook.com\/profile.php?id=100067417628777\" \/>\n<meta property=\"article:published_time\" content=\"2023-09-17T19:16:57+00:00\" \/>\n<meta property=\"og:image\" content=\"https:\/\/sosprimates.org\/wp\/wp-content\/uploads\/2023\/09\/FB_IMG_1694439405365.jpg\" \/>\n\t<meta property=\"og:image:width\" content=\"720\" \/>\n\t<meta property=\"og:image:height\" content=\"480\" \/>\n\t<meta property=\"og:image:type\" content=\"image\/jpeg\" \/>\n<meta name=\"author\" content=\"admin\" \/>\n<meta name=\"twitter:card\" content=\"summary_large_image\" \/>\n<meta name=\"twitter:label1\" content=\"Escrito por\" \/>\n\t<meta name=\"twitter:data1\" content=\"admin\" \/>\n\t<meta name=\"twitter:label2\" content=\"Tiempo de lectura\" \/>\n\t<meta name=\"twitter:data2\" content=\"3 minutos\" \/>\n<script type=\"application\/ld+json\" class=\"yoast-schema-graph\">{\"@context\":\"https:\/\/schema.org\",\"@graph\":[{\"@type\":\"Article\",\"@id\":\"https:\/\/sosprimates.org\/wp\/fr\/2023\/09\/17\/crpl-centre-accredite-par-la-gfas\/#article\",\"isPartOf\":{\"@id\":\"https:\/\/sosprimates.org\/wp\/fr\/2023\/09\/17\/crpl-centre-accredite-par-la-gfas\/\"},\"author\":{\"name\":\"admin\",\"@id\":\"https:\/\/sosprimates.org\/wp\/#\/schema\/person\/facb7c19e8b7fdd35fcd075a3f07cf91\"},\"headline\":\"CRPL, centre accr\u00e9dit\u00e9 par la&nbsp;GFAS\",\"datePublished\":\"2023-09-17T19:16:57+00:00\",\"mainEntityOfPage\":{\"@id\":\"https:\/\/sosprimates.org\/wp\/fr\/2023\/09\/17\/crpl-centre-accredite-par-la-gfas\/\"},\"wordCount\":1100,\"publisher\":{\"@id\":\"https:\/\/sosprimates.org\/wp\/#organization\"},\"image\":{\"@id\":\"https:\/\/sosprimates.org\/wp\/fr\/2023\/09\/17\/crpl-centre-accredite-par-la-gfas\/#primaryimage\"},\"thumbnailUrl\":\"https:\/\/sosprimates.org\/wp\/wp-content\/uploads\/2023\/09\/FB_IMG_1694439405365.jpg\",\"inLanguage\":\"es\"},{\"@type\":\"WebPage\",\"@id\":\"https:\/\/sosprimates.org\/wp\/fr\/2023\/09\/17\/crpl-centre-accredite-par-la-gfas\/\",\"url\":\"https:\/\/sosprimates.org\/wp\/fr\/2023\/09\/17\/crpl-centre-accredite-par-la-gfas\/\",\"name\":\"CRPL, centre accr\u00e9dit\u00e9 par la GFAS - SOS Primates\",\"isPartOf\":{\"@id\":\"https:\/\/sosprimates.org\/wp\/#website\"},\"primaryImageOfPage\":{\"@id\":\"https:\/\/sosprimates.org\/wp\/fr\/2023\/09\/17\/crpl-centre-accredite-par-la-gfas\/#primaryimage\"},\"image\":{\"@id\":\"https:\/\/sosprimates.org\/wp\/fr\/2023\/09\/17\/crpl-centre-accredite-par-la-gfas\/#primaryimage\"},\"thumbnailUrl\":\"https:\/\/sosprimates.org\/wp\/wp-content\/uploads\/2023\/09\/FB_IMG_1694439405365.jpg\",\"datePublished\":\"2023-09-17T19:16:57+00:00\",\"breadcrumb\":{\"@id\":\"https:\/\/sosprimates.org\/wp\/fr\/2023\/09\/17\/crpl-centre-accredite-par-la-gfas\/#breadcrumb\"},\"inLanguage\":\"es\",\"potentialAction\":[{\"@type\":\"ReadAction\",\"target\":[\"https:\/\/sosprimates.org\/wp\/fr\/2023\/09\/17\/crpl-centre-accredite-par-la-gfas\/\"]}]},{\"@type\":\"ImageObject\",\"inLanguage\":\"es\",\"@id\":\"https:\/\/sosprimates.org\/wp\/fr\/2023\/09\/17\/crpl-centre-accredite-par-la-gfas\/#primaryimage\",\"url\":\"https:\/\/sosprimates.org\/wp\/wp-content\/uploads\/2023\/09\/FB_IMG_1694439405365.jpg\",\"contentUrl\":\"https:\/\/sosprimates.org\/wp\/wp-content\/uploads\/2023\/09\/FB_IMG_1694439405365.jpg\",\"width\":720,\"height\":480},{\"@type\":\"BreadcrumbList\",\"@id\":\"https:\/\/sosprimates.org\/wp\/fr\/2023\/09\/17\/crpl-centre-accredite-par-la-gfas\/#breadcrumb\",\"itemListElement\":[{\"@type\":\"ListItem\",\"position\":1,\"name\":\"Portada\",\"item\":\"https:\/\/sosprimates.org\/wp\/\"},{\"@type\":\"ListItem\",\"position\":2,\"name\":\"CRPL, centre accr\u00e9dit\u00e9 par la GFAS\"}]},{\"@type\":\"WebSite\",\"@id\":\"https:\/\/sosprimates.org\/wp\/#website\",\"url\":\"https:\/\/sosprimates.org\/wp\/\",\"name\":\"SOS Primates\",\"description\":\"Su futuro depende de nosotros\",\"publisher\":{\"@id\":\"https:\/\/sosprimates.org\/wp\/#organization\"},\"potentialAction\":[{\"@type\":\"SearchAction\",\"target\":{\"@type\":\"EntryPoint\",\"urlTemplate\":\"https:\/\/sosprimates.org\/wp\/?s={search_term_string}\"},\"query-input\":{\"@type\":\"PropertyValueSpecification\",\"valueRequired\":true,\"valueName\":\"search_term_string\"}}],\"inLanguage\":\"es\"},{\"@type\":\"Organization\",\"@id\":\"https:\/\/sosprimates.org\/wp\/#organization\",\"name\":\"SOS Primates\",\"url\":\"https:\/\/sosprimates.org\/wp\/\",\"logo\":{\"@type\":\"ImageObject\",\"inLanguage\":\"es\",\"@id\":\"https:\/\/sosprimates.org\/wp\/#\/schema\/logo\/image\/\",\"url\":\"https:\/\/sosprimates.org\/wp\/wp-content\/uploads\/2018\/04\/logo-red_peq.jpg\",\"contentUrl\":\"https:\/\/sosprimates.org\/wp\/wp-content\/uploads\/2018\/04\/logo-red_peq.jpg\",\"width\":150,\"height\":48,\"caption\":\"SOS Primates\"},\"image\":{\"@id\":\"https:\/\/sosprimates.org\/wp\/#\/schema\/logo\/image\/\"},\"sameAs\":[\"https:\/\/www.facebook.com\/profile.php?id=100067417628777\",\"https:\/\/www.instagram.com\/sosprimates\/\"]},{\"@type\":\"Person\",\"@id\":\"https:\/\/sosprimates.org\/wp\/#\/schema\/person\/facb7c19e8b7fdd35fcd075a3f07cf91\",\"name\":\"admin\",\"image\":{\"@type\":\"ImageObject\",\"inLanguage\":\"es\",\"@id\":\"https:\/\/secure.gravatar.com\/avatar\/d646abaeeb2e45aee780e463b1328676b0b006e6bedcabcca804a3eb51f33c16?s=96&d=mm&r=g\",\"url\":\"https:\/\/secure.gravatar.com\/avatar\/d646abaeeb2e45aee780e463b1328676b0b006e6bedcabcca804a3eb51f33c16?s=96&d=mm&r=g\",\"contentUrl\":\"https:\/\/secure.gravatar.com\/avatar\/d646abaeeb2e45aee780e463b1328676b0b006e6bedcabcca804a3eb51f33c16?s=96&d=mm&r=g\",\"caption\":\"admin\"},\"url\":\"https:\/\/sosprimates.org\/wp\/author\/admin\/\"}]}<\/script>\n<!-- \/ Yoast SEO plugin. -->","yoast_head_json":{"title":"CRPL, centre accr\u00e9dit\u00e9 par la GFAS - SOS Primates","robots":{"index":"index","follow":"follow","max-snippet":"max-snippet:-1","max-image-preview":"max-image-preview:large","max-video-preview":"max-video-preview:-1"},"canonical":"https:\/\/sosprimates.org\/wp\/fr\/2023\/09\/17\/crpl-centre-accredite-par-la-gfas\/","og_locale":"es_ES","og_type":"article","og_title":"CRPL, centre accr\u00e9dit\u00e9 par la GFAS - SOS Primates","og_url":"https:\/\/sosprimates.org\/wp\/fr\/2023\/09\/17\/crpl-centre-accredite-par-la-gfas\/","og_site_name":"SOS Primates","article_publisher":"https:\/\/www.facebook.com\/profile.php?id=100067417628777","article_published_time":"2023-09-17T19:16:57+00:00","og_image":[{"width":720,"height":480,"url":"https:\/\/sosprimates.org\/wp\/wp-content\/uploads\/2023\/09\/FB_IMG_1694439405365.jpg","type":"image\/jpeg"}],"author":"admin","twitter_card":"summary_large_image","twitter_misc":{"Escrito por":"admin","Tiempo de lectura":"3 minutos"},"schema":{"@context":"https:\/\/schema.org","@graph":[{"@type":"Article","@id":"https:\/\/sosprimates.org\/wp\/fr\/2023\/09\/17\/crpl-centre-accredite-par-la-gfas\/#article","isPartOf":{"@id":"https:\/\/sosprimates.org\/wp\/fr\/2023\/09\/17\/crpl-centre-accredite-par-la-gfas\/"},"author":{"name":"admin","@id":"https:\/\/sosprimates.org\/wp\/#\/schema\/person\/facb7c19e8b7fdd35fcd075a3f07cf91"},"headline":"CRPL, centre accr\u00e9dit\u00e9 par la&nbsp;GFAS","datePublished":"2023-09-17T19:16:57+00:00","mainEntityOfPage":{"@id":"https:\/\/sosprimates.org\/wp\/fr\/2023\/09\/17\/crpl-centre-accredite-par-la-gfas\/"},"wordCount":1100,"publisher":{"@id":"https:\/\/sosprimates.org\/wp\/#organization"},"image":{"@id":"https:\/\/sosprimates.org\/wp\/fr\/2023\/09\/17\/crpl-centre-accredite-par-la-gfas\/#primaryimage"},"thumbnailUrl":"https:\/\/sosprimates.org\/wp\/wp-content\/uploads\/2023\/09\/FB_IMG_1694439405365.jpg","inLanguage":"es"},{"@type":"WebPage","@id":"https:\/\/sosprimates.org\/wp\/fr\/2023\/09\/17\/crpl-centre-accredite-par-la-gfas\/","url":"https:\/\/sosprimates.org\/wp\/fr\/2023\/09\/17\/crpl-centre-accredite-par-la-gfas\/","name":"CRPL, centre accr\u00e9dit\u00e9 par la GFAS - SOS Primates","isPartOf":{"@id":"https:\/\/sosprimates.org\/wp\/#website"},"primaryImageOfPage":{"@id":"https:\/\/sosprimates.org\/wp\/fr\/2023\/09\/17\/crpl-centre-accredite-par-la-gfas\/#primaryimage"},"image":{"@id":"https:\/\/sosprimates.org\/wp\/fr\/2023\/09\/17\/crpl-centre-accredite-par-la-gfas\/#primaryimage"},"thumbnailUrl":"https:\/\/sosprimates.org\/wp\/wp-content\/uploads\/2023\/09\/FB_IMG_1694439405365.jpg","datePublished":"2023-09-17T19:16:57+00:00","breadcrumb":{"@id":"https:\/\/sosprimates.org\/wp\/fr\/2023\/09\/17\/crpl-centre-accredite-par-la-gfas\/#breadcrumb"},"inLanguage":"es","potentialAction":[{"@type":"ReadAction","target":["https:\/\/sosprimates.org\/wp\/fr\/2023\/09\/17\/crpl-centre-accredite-par-la-gfas\/"]}]},{"@type":"ImageObject","inLanguage":"es","@id":"https:\/\/sosprimates.org\/wp\/fr\/2023\/09\/17\/crpl-centre-accredite-par-la-gfas\/#primaryimage","url":"https:\/\/sosprimates.org\/wp\/wp-content\/uploads\/2023\/09\/FB_IMG_1694439405365.jpg","contentUrl":"https:\/\/sosprimates.org\/wp\/wp-content\/uploads\/2023\/09\/FB_IMG_1694439405365.jpg","width":720,"height":480},{"@type":"BreadcrumbList","@id":"https:\/\/sosprimates.org\/wp\/fr\/2023\/09\/17\/crpl-centre-accredite-par-la-gfas\/#breadcrumb","itemListElement":[{"@type":"ListItem","position":1,"name":"Portada","item":"https:\/\/sosprimates.org\/wp\/"},{"@type":"ListItem","position":2,"name":"CRPL, centre accr\u00e9dit\u00e9 par la GFAS"}]},{"@type":"WebSite","@id":"https:\/\/sosprimates.org\/wp\/#website","url":"https:\/\/sosprimates.org\/wp\/","name":"SOS Primates","description":"Su futuro depende de nosotros","publisher":{"@id":"https:\/\/sosprimates.org\/wp\/#organization"},"potentialAction":[{"@type":"SearchAction","target":{"@type":"EntryPoint","urlTemplate":"https:\/\/sosprimates.org\/wp\/?s={search_term_string}"},"query-input":{"@type":"PropertyValueSpecification","valueRequired":true,"valueName":"search_term_string"}}],"inLanguage":"es"},{"@type":"Organization","@id":"https:\/\/sosprimates.org\/wp\/#organization","name":"SOS Primates","url":"https:\/\/sosprimates.org\/wp\/","logo":{"@type":"ImageObject","inLanguage":"es","@id":"https:\/\/sosprimates.org\/wp\/#\/schema\/logo\/image\/","url":"https:\/\/sosprimates.org\/wp\/wp-content\/uploads\/2018\/04\/logo-red_peq.jpg","contentUrl":"https:\/\/sosprimates.org\/wp\/wp-content\/uploads\/2018\/04\/logo-red_peq.jpg","width":150,"height":48,"caption":"SOS Primates"},"image":{"@id":"https:\/\/sosprimates.org\/wp\/#\/schema\/logo\/image\/"},"sameAs":["https:\/\/www.facebook.com\/profile.php?id=100067417628777","https:\/\/www.instagram.com\/sosprimates\/"]},{"@type":"Person","@id":"https:\/\/sosprimates.org\/wp\/#\/schema\/person\/facb7c19e8b7fdd35fcd075a3f07cf91","name":"admin","image":{"@type":"ImageObject","inLanguage":"es","@id":"https:\/\/secure.gravatar.com\/avatar\/d646abaeeb2e45aee780e463b1328676b0b006e6bedcabcca804a3eb51f33c16?s=96&d=mm&r=g","url":"https:\/\/secure.gravatar.com\/avatar\/d646abaeeb2e45aee780e463b1328676b0b006e6bedcabcca804a3eb51f33c16?s=96&d=mm&r=g","contentUrl":"https:\/\/secure.gravatar.com\/avatar\/d646abaeeb2e45aee780e463b1328676b0b006e6bedcabcca804a3eb51f33c16?s=96&d=mm&r=g","caption":"admin"},"url":"https:\/\/sosprimates.org\/wp\/author\/admin\/"}]}},"jetpack_featured_media_url":"https:\/\/sosprimates.org\/wp\/wp-content\/uploads\/2023\/09\/FB_IMG_1694439405365.jpg","jetpack_sharing_enabled":true,"_links":{"self":[{"href":"https:\/\/sosprimates.org\/wp\/wp-json\/wp\/v2\/posts\/18915","targetHints":{"allow":["GET"]}}],"collection":[{"href":"https:\/\/sosprimates.org\/wp\/wp-json\/wp\/v2\/posts"}],"about":[{"href":"https:\/\/sosprimates.org\/wp\/wp-json\/wp\/v2\/types\/post"}],"author":[{"embeddable":true,"href":"https:\/\/sosprimates.org\/wp\/wp-json\/wp\/v2\/users\/1"}],"replies":[{"embeddable":true,"href":"https:\/\/sosprimates.org\/wp\/wp-json\/wp\/v2\/comments?post=18915"}],"version-history":[{"count":1,"href":"https:\/\/sosprimates.org\/wp\/wp-json\/wp\/v2\/posts\/18915\/revisions"}],"predecessor-version":[{"id":18916,"href":"https:\/\/sosprimates.org\/wp\/wp-json\/wp\/v2\/posts\/18915\/revisions\/18916"}],"wp:featuredmedia":[{"embeddable":true,"href":"https:\/\/sosprimates.org\/wp\/wp-json\/wp\/v2\/media\/18911"}],"wp:attachment":[{"href":"https:\/\/sosprimates.org\/wp\/wp-json\/wp\/v2\/media?parent=18915"}],"wp:term":[{"taxonomy":"category","embeddable":true,"href":"https:\/\/sosprimates.org\/wp\/wp-json\/wp\/v2\/categories?post=18915"},{"taxonomy":"post_tag","embeddable":true,"href":"https:\/\/sosprimates.org\/wp\/wp-json\/wp\/v2\/tags?post=18915"}],"curies":[{"name":"wp","href":"https:\/\/api.w.org\/{rel}","templated":true}]}}