{"id":19836,"date":"2024-08-05T10:19:10","date_gmt":"2024-08-05T09:19:10","guid":{"rendered":"https:\/\/sosprimates.org\/wp\/?p=19836"},"modified":"2024-08-05T10:19:10","modified_gmt":"2024-08-05T09:19:10","slug":"chaine-de-transport-uniformes-vers-le-perou","status":"publish","type":"post","link":"https:\/\/sosprimates.org\/wp\/fr\/2024\/08\/05\/chaine-de-transport-uniformes-vers-le-perou\/","title":{"rendered":"Cha\u00eene de transport: uniformes vers le&nbsp;P\u00e9rou"},"content":{"rendered":"<div class=\"fusion-fullwidth fullwidth-box fusion-builder-row-1 fusion-flex-container has-pattern-background has-mask-background nonhundred-percent-fullwidth non-hundred-percent-height-scrolling\" style=\"--awb-border-radius-top-left:0px;--awb-border-radius-top-right:0px;--awb-border-radius-bottom-right:0px;--awb-border-radius-bottom-left:0px;--awb-flex-wrap:wrap;\"><div class=\"fusion-builder-row fusion-row fusion-flex-align-items-flex-start fusion-flex-content-wrap\" style=\"max-width:1144px;margin-left: calc(-4% \/ 2 );margin-right: calc(-4% \/ 2 );\"><div class=\"fusion-layout-column fusion_builder_column fusion-builder-column-0 fusion_builder_column_1_1 1_1 fusion-flex-column\" style=\"--awb-bg-size:cover;--awb-width-large:100%;--awb-margin-top-large:0px;--awb-spacing-right-large:1.92%;--awb-margin-bottom-large:20px;--awb-spacing-left-large:1.92%;--awb-width-medium:100%;--awb-order-medium:0;--awb-spacing-right-medium:1.92%;--awb-spacing-left-medium:1.92%;--awb-width-small:100%;--awb-order-small:0;--awb-spacing-right-small:1.92%;--awb-spacing-left-small:1.92%;\"><div class=\"fusion-column-wrapper fusion-column-has-shadow fusion-flex-justify-content-flex-start fusion-content-layout-column\"><div class=\"fusion-text fusion-text-1\"><p>\u00c0 cet\u00adte p\u00e9rio\u00adde de l\u2019an\u00adn\u00e9e o\u00f9 vous \u00eates nom\u00adbreux \u00e0 pren\u00addre des vacan\u00adces et \u00e0 fai\u00adre du b\u00e9n\u00e9\u00advo\u00adlat dans des cen\u00adtres de fau\u00adne sau\u00adva\u00adge (que ce soit avec des pri\u00adma\u00adtes ou d\u2019au\u00adtres ani\u00admaux), con\u00adtac\u00adtez <strong><span class=\"caps\">SOS<\/span> Pri\u00adma\u00adtes<\/strong> afin que nous puis\u00adsions aider avec de l\u2019\u00e9\u00adqui\u00adpe\u00adment de tra\u00advail offert par le <a href=\"https:\/\/zoobarcelona.cat\/es\" target=\"_blank\" rel=\"noopener\">Zoo de Bar\u00adce\u00adlo\u00adne<\/a> (uni\u00adfor\u00admes, bot\u00adtes, gants, entre autres). ) ce qui est tr\u00e8s uti\u00adle pour les t\u00e2ches de soins des\u00addits animaux.<\/p>\n<p><a href=\"https:\/\/sosprimates.org\/wp\/wp-content\/uploads\/2024\/08\/FB_IMG_1722430483863.jpg\"><img decoding=\"async\" class=\"aligncenter wp-image-19833 size-fusion-400\" src=\"https:\/\/sosprimates.org\/wp\/wp-content\/uploads\/2024\/08\/FB_IMG_1722430483863-400x224.jpg\" alt width=\"400\" height=\"224\" srcset=\"https:\/\/sosprimates.org\/wp\/wp-content\/uploads\/2024\/08\/FB_IMG_1722430483863-66x37.jpg 66w, https:\/\/sosprimates.org\/wp\/wp-content\/uploads\/2024\/08\/FB_IMG_1722430483863-177x99.jpg 177w, https:\/\/sosprimates.org\/wp\/wp-content\/uploads\/2024\/08\/FB_IMG_1722430483863-200x112.jpg 200w, https:\/\/sosprimates.org\/wp\/wp-content\/uploads\/2024\/08\/FB_IMG_1722430483863-300x168.jpg 300w, https:\/\/sosprimates.org\/wp\/wp-content\/uploads\/2024\/08\/FB_IMG_1722430483863-320x179.jpg 320w, https:\/\/sosprimates.org\/wp\/wp-content\/uploads\/2024\/08\/FB_IMG_1722430483863-400x224.jpg 400w, https:\/\/sosprimates.org\/wp\/wp-content\/uploads\/2024\/08\/FB_IMG_1722430483863-460x258.jpg 460w, https:\/\/sosprimates.org\/wp\/wp-content\/uploads\/2024\/08\/FB_IMG_1722430483863-540x303.jpg 540w, https:\/\/sosprimates.org\/wp\/wp-content\/uploads\/2024\/08\/FB_IMG_1722430483863-600x336.jpg 600w, https:\/\/sosprimates.org\/wp\/wp-content\/uploads\/2024\/08\/FB_IMG_1722430483863-669x375.jpg 669w, https:\/\/sosprimates.org\/wp\/wp-content\/uploads\/2024\/08\/FB_IMG_1722430483863-700x392.jpg 700w, https:\/\/sosprimates.org\/wp\/wp-content\/uploads\/2024\/08\/FB_IMG_1722430483863.jpg 719w\" sizes=\"(max-width: 400px) 100vw, 400px\"><\/a><\/p>\n<p>C\u2019est ce qu\u2019a fait notre colla\u00adbo\u00adra\u00adtri\u00adce Melody Sil\u00adva lors\u00adqu\u2019e\u00adlle est all\u00e9e visi\u00adter le <a href=\"https:\/\/www.centroderescateamazonico.com\/es\/inicio\/\" target=\"_blank\" rel=\"noopener\">Cen\u00adtre de Sau\u00adve\u00adta\u00adge Ama\u00adzo\u00adnien \u2014 <span class=\"caps\">CREA<\/span><\/a>, \u00e0 Iqui\u00adtos, au&nbsp;P\u00e9rou.<\/p>\n<p><a href=\"https:\/\/sosprimates.org\/wp\/wp-content\/uploads\/2024\/08\/FB_IMG_1722430478495.jpg\"><img decoding=\"async\" class=\"aligncenter wp-image-19831 size-fusion-400\" src=\"https:\/\/sosprimates.org\/wp\/wp-content\/uploads\/2024\/08\/FB_IMG_1722430478495-400x713.jpg\" alt width=\"400\" height=\"713\" srcset=\"https:\/\/sosprimates.org\/wp\/wp-content\/uploads\/2024\/08\/FB_IMG_1722430478495-66x118.jpg 66w, https:\/\/sosprimates.org\/wp\/wp-content\/uploads\/2024\/08\/FB_IMG_1722430478495-168x300.jpg 168w, https:\/\/sosprimates.org\/wp\/wp-content\/uploads\/2024\/08\/FB_IMG_1722430478495-177x316.jpg 177w, https:\/\/sosprimates.org\/wp\/wp-content\/uploads\/2024\/08\/FB_IMG_1722430478495-200x357.jpg 200w, https:\/\/sosprimates.org\/wp\/wp-content\/uploads\/2024\/08\/FB_IMG_1722430478495-300x535.jpg 300w, https:\/\/sosprimates.org\/wp\/wp-content\/uploads\/2024\/08\/FB_IMG_1722430478495-320x571.jpg 320w, https:\/\/sosprimates.org\/wp\/wp-content\/uploads\/2024\/08\/FB_IMG_1722430478495-400x713.jpg 400w, https:\/\/sosprimates.org\/wp\/wp-content\/uploads\/2024\/08\/FB_IMG_1722430478495-460x820.jpg 460w, https:\/\/sosprimates.org\/wp\/wp-content\/uploads\/2024\/08\/FB_IMG_1722430478495-540x963.jpg 540w, https:\/\/sosprimates.org\/wp\/wp-content\/uploads\/2024\/08\/FB_IMG_1722430478495-574x1024.jpg 574w, https:\/\/sosprimates.org\/wp\/wp-content\/uploads\/2024\/08\/FB_IMG_1722430478495-600x1070.jpg 600w, https:\/\/sosprimates.org\/wp\/wp-content\/uploads\/2024\/08\/FB_IMG_1722430478495-669x1193.jpg 669w, https:\/\/sosprimates.org\/wp\/wp-content\/uploads\/2024\/08\/FB_IMG_1722430478495-700x1248.jpg 700w, https:\/\/sosprimates.org\/wp\/wp-content\/uploads\/2024\/08\/FB_IMG_1722430478495.jpg 720w\" sizes=\"(max-width: 400px) 100vw, 400px\"><\/a><\/p>\n<p>Depuis sa cr\u00e9a\u00adtion en 2007, le <span class=\"caps\">CREA<\/span> a rel\u00e2\u00adch\u00e9 plus de 10 000 ani\u00admaux par\u00admi ceux qui sont entr\u00e9s pour une rai\u00adson quel\u00adcon\u00adque, que ce soit \u00e0 la sui\u00adte d\u2019u\u00adne per\u00adte d\u2019ha\u00adbi\u00adtat, d\u2019u\u00adne colli\u00adsion avec des voi\u00adtu\u00adres, d\u2019u\u00adne \u00e9lec\u00adtro\u00adcu\u00adtion avec des c\u00e2bles \u00e9lec\u00adtri\u00adques ou de la mort de la m\u00e8re aux mains de bra\u00adcon\u00adniers, entre autres.<\/p>\n<p>Cer\u00adtai\u00adnes des esp\u00e8\u00adces rel\u00e2\u00adch\u00e9es sont des oiseaux, des rep\u00adti\u00adles ou des amphi\u00adbiens, mais aus\u00adsi des mam\u00admi\u00adf\u00e8\u00adres com\u00adme des pares\u00adseux, des laman\u00adtins, des dauphins roses ou diver\u00adses esp\u00e8\u00adces de primates.<\/p>\n<p>Pour cela, le tra\u00advail \u00e0 la cha\u00ee\u00adne est tr\u00e8s impor\u00adtant, et dans ce cas nous remer\u00adcions beau\u00adcoup Melody et C\u00e9sar qui ont trans\u00adpor\u00adt\u00e9 la vali\u00adse de Bar\u00adce\u00adlo\u00adne \u00e0 Castell\u00f3n.<\/p>\n<p><a href=\"https:\/\/sosprimates.org\/wp\/wp-content\/uploads\/2024\/08\/FB_IMG_1722430481180.jpg\"><img decoding=\"async\" class=\"aligncenter wp-image-19832 size-fusion-400\" src=\"https:\/\/sosprimates.org\/wp\/wp-content\/uploads\/2024\/08\/FB_IMG_1722430481180-400x300.jpg\" alt width=\"400\" height=\"300\" srcset=\"https:\/\/sosprimates.org\/wp\/wp-content\/uploads\/2024\/08\/FB_IMG_1722430481180-66x50.jpg 66w, https:\/\/sosprimates.org\/wp\/wp-content\/uploads\/2024\/08\/FB_IMG_1722430481180-177x133.jpg 177w, https:\/\/sosprimates.org\/wp\/wp-content\/uploads\/2024\/08\/FB_IMG_1722430481180-200x150.jpg 200w, https:\/\/sosprimates.org\/wp\/wp-content\/uploads\/2024\/08\/FB_IMG_1722430481180-300x225.jpg 300w, https:\/\/sosprimates.org\/wp\/wp-content\/uploads\/2024\/08\/FB_IMG_1722430481180-320x240.jpg 320w, https:\/\/sosprimates.org\/wp\/wp-content\/uploads\/2024\/08\/FB_IMG_1722430481180-400x300.jpg 400w, https:\/\/sosprimates.org\/wp\/wp-content\/uploads\/2024\/08\/FB_IMG_1722430481180-460x345.jpg 460w, https:\/\/sosprimates.org\/wp\/wp-content\/uploads\/2024\/08\/FB_IMG_1722430481180-540x405.jpg 540w, https:\/\/sosprimates.org\/wp\/wp-content\/uploads\/2024\/08\/FB_IMG_1722430481180-600x450.jpg 600w, https:\/\/sosprimates.org\/wp\/wp-content\/uploads\/2024\/08\/FB_IMG_1722430481180-669x502.jpg 669w, https:\/\/sosprimates.org\/wp\/wp-content\/uploads\/2024\/08\/FB_IMG_1722430481180-700x525.jpg 700w, https:\/\/sosprimates.org\/wp\/wp-content\/uploads\/2024\/08\/FB_IMG_1722430481180.jpg 720w\" sizes=\"(max-width: 400px) 100vw, 400px\"><\/a><\/p>\n<p>Les ani\u00admaux b\u00e9n\u00e9\u00adfi\u00adcient de la soli\u00adda\u00adri\u00adt\u00e9 et de l\u2019al\u00adtruis\u00adme des&nbsp;gens.<\/p>\n<p>Si vous voya\u00adgez, fai\u00adtes com\u00adme eux et con\u00adtac\u00adtez <a href=\"mailto:info@sosprimates.org\" target=\"_blank\" rel=\"noopener\">info@sosprimates.org<\/a>.<\/p>\n<p><a href=\"https:\/\/sosprimates.org\/wp\/wp-content\/uploads\/2024\/08\/FB_IMG_1722430475959.jpg\"><img decoding=\"async\" class=\"aligncenter wp-image-19834 size-fusion-400\" src=\"https:\/\/sosprimates.org\/wp\/wp-content\/uploads\/2024\/08\/FB_IMG_1722430475959-400x711.jpg\" alt width=\"400\" height=\"711\" srcset=\"https:\/\/sosprimates.org\/wp\/wp-content\/uploads\/2024\/08\/FB_IMG_1722430475959-66x117.jpg 66w, https:\/\/sosprimates.org\/wp\/wp-content\/uploads\/2024\/08\/FB_IMG_1722430475959-169x300.jpg 169w, https:\/\/sosprimates.org\/wp\/wp-content\/uploads\/2024\/08\/FB_IMG_1722430475959-177x315.jpg 177w, https:\/\/sosprimates.org\/wp\/wp-content\/uploads\/2024\/08\/FB_IMG_1722430475959-200x356.jpg 200w, https:\/\/sosprimates.org\/wp\/wp-content\/uploads\/2024\/08\/FB_IMG_1722430475959-300x533.jpg 300w, https:\/\/sosprimates.org\/wp\/wp-content\/uploads\/2024\/08\/FB_IMG_1722430475959-320x569.jpg 320w, https:\/\/sosprimates.org\/wp\/wp-content\/uploads\/2024\/08\/FB_IMG_1722430475959-400x711.jpg 400w, https:\/\/sosprimates.org\/wp\/wp-content\/uploads\/2024\/08\/FB_IMG_1722430475959-460x818.jpg 460w, https:\/\/sosprimates.org\/wp\/wp-content\/uploads\/2024\/08\/FB_IMG_1722430475959-540x960.jpg 540w, https:\/\/sosprimates.org\/wp\/wp-content\/uploads\/2024\/08\/FB_IMG_1722430475959-576x1024.jpg 576w, https:\/\/sosprimates.org\/wp\/wp-content\/uploads\/2024\/08\/FB_IMG_1722430475959-600x1067.jpg 600w, https:\/\/sosprimates.org\/wp\/wp-content\/uploads\/2024\/08\/FB_IMG_1722430475959-669x1189.jpg 669w, https:\/\/sosprimates.org\/wp\/wp-content\/uploads\/2024\/08\/FB_IMG_1722430475959-700x1244.jpg 700w, https:\/\/sosprimates.org\/wp\/wp-content\/uploads\/2024\/08\/FB_IMG_1722430475959.jpg 720w\" sizes=\"(max-width: 400px) 100vw, 400px\"><\/a><\/p>\n<\/div><\/div><\/div><\/div><\/div>\n","protected":false},"excerpt":{"rendered":"","protected":false},"author":1,"featured_media":19834,"comment_status":"closed","ping_status":"closed","sticky":false,"template":"","format":"standard","meta":{"wp_typography_post_enhancements_disabled":false,"_jetpack_memberships_contains_paid_content":false,"footnotes":""},"categories":[101],"tags":[],"class_list":["post-19836","post","type-post","status-publish","format-standard","has-post-thumbnail","hentry","category-sin-categoria-fr"],"yoast_head":"<!-- This site is optimized with the Yoast SEO plugin v27.2 - https:\/\/yoast.com\/product\/yoast-seo-wordpress\/ -->\n<title>Cha\u00eene de transport: uniformes vers le P\u00e9rou - SOS Primates<\/title>\n<meta name=\"robots\" content=\"index, follow, max-snippet:-1, max-image-preview:large, max-video-preview:-1\" \/>\n<link rel=\"canonical\" href=\"https:\/\/sosprimates.org\/wp\/fr\/2024\/08\/05\/chaine-de-transport-uniformes-vers-le-perou\/\" \/>\n<meta property=\"og:locale\" content=\"es_ES\" \/>\n<meta property=\"og:type\" content=\"article\" \/>\n<meta property=\"og:title\" content=\"Cha\u00eene de transport: uniformes vers le P\u00e9rou - SOS Primates\" \/>\n<meta property=\"og:url\" content=\"https:\/\/sosprimates.org\/wp\/fr\/2024\/08\/05\/chaine-de-transport-uniformes-vers-le-perou\/\" \/>\n<meta property=\"og:site_name\" content=\"SOS Primates\" \/>\n<meta property=\"article:publisher\" content=\"https:\/\/www.facebook.com\/profile.php?id=100067417628777\" \/>\n<meta property=\"article:published_time\" content=\"2024-08-05T09:19:10+00:00\" \/>\n<meta property=\"og:image\" content=\"https:\/\/sosprimates.org\/wp\/wp-content\/uploads\/2024\/08\/FB_IMG_1722430475959.jpg\" \/>\n\t<meta property=\"og:image:width\" content=\"720\" \/>\n\t<meta property=\"og:image:height\" content=\"1280\" \/>\n\t<meta property=\"og:image:type\" content=\"image\/jpeg\" \/>\n<meta name=\"author\" content=\"admin\" \/>\n<meta name=\"twitter:card\" content=\"summary_large_image\" \/>\n<meta name=\"twitter:label1\" content=\"Escrito por\" \/>\n\t<meta name=\"twitter:data1\" content=\"admin\" \/>\n\t<meta name=\"twitter:label2\" content=\"Tiempo de lectura\" \/>\n\t<meta name=\"twitter:data2\" content=\"3 minutos\" \/>\n<script type=\"application\/ld+json\" class=\"yoast-schema-graph\">{\"@context\":\"https:\/\/schema.org\",\"@graph\":[{\"@type\":\"Article\",\"@id\":\"https:\/\/sosprimates.org\/wp\/fr\/2024\/08\/05\/chaine-de-transport-uniformes-vers-le-perou\/#article\",\"isPartOf\":{\"@id\":\"https:\/\/sosprimates.org\/wp\/fr\/2024\/08\/05\/chaine-de-transport-uniformes-vers-le-perou\/\"},\"author\":{\"name\":\"admin\",\"@id\":\"https:\/\/sosprimates.org\/wp\/#\/schema\/person\/facb7c19e8b7fdd35fcd075a3f07cf91\"},\"headline\":\"Cha\u00eene de transport: uniformes vers le&nbsp;P\u00e9rou\",\"datePublished\":\"2024-08-05T09:19:10+00:00\",\"mainEntityOfPage\":{\"@id\":\"https:\/\/sosprimates.org\/wp\/fr\/2024\/08\/05\/chaine-de-transport-uniformes-vers-le-perou\/\"},\"wordCount\":1171,\"publisher\":{\"@id\":\"https:\/\/sosprimates.org\/wp\/#organization\"},\"image\":{\"@id\":\"https:\/\/sosprimates.org\/wp\/fr\/2024\/08\/05\/chaine-de-transport-uniformes-vers-le-perou\/#primaryimage\"},\"thumbnailUrl\":\"https:\/\/sosprimates.org\/wp\/wp-content\/uploads\/2024\/08\/FB_IMG_1722430475959.jpg\",\"inLanguage\":\"es\"},{\"@type\":\"WebPage\",\"@id\":\"https:\/\/sosprimates.org\/wp\/fr\/2024\/08\/05\/chaine-de-transport-uniformes-vers-le-perou\/\",\"url\":\"https:\/\/sosprimates.org\/wp\/fr\/2024\/08\/05\/chaine-de-transport-uniformes-vers-le-perou\/\",\"name\":\"Cha\u00eene de transport: uniformes vers le P\u00e9rou - SOS Primates\",\"isPartOf\":{\"@id\":\"https:\/\/sosprimates.org\/wp\/#website\"},\"primaryImageOfPage\":{\"@id\":\"https:\/\/sosprimates.org\/wp\/fr\/2024\/08\/05\/chaine-de-transport-uniformes-vers-le-perou\/#primaryimage\"},\"image\":{\"@id\":\"https:\/\/sosprimates.org\/wp\/fr\/2024\/08\/05\/chaine-de-transport-uniformes-vers-le-perou\/#primaryimage\"},\"thumbnailUrl\":\"https:\/\/sosprimates.org\/wp\/wp-content\/uploads\/2024\/08\/FB_IMG_1722430475959.jpg\",\"datePublished\":\"2024-08-05T09:19:10+00:00\",\"breadcrumb\":{\"@id\":\"https:\/\/sosprimates.org\/wp\/fr\/2024\/08\/05\/chaine-de-transport-uniformes-vers-le-perou\/#breadcrumb\"},\"inLanguage\":\"es\",\"potentialAction\":[{\"@type\":\"ReadAction\",\"target\":[\"https:\/\/sosprimates.org\/wp\/fr\/2024\/08\/05\/chaine-de-transport-uniformes-vers-le-perou\/\"]}]},{\"@type\":\"ImageObject\",\"inLanguage\":\"es\",\"@id\":\"https:\/\/sosprimates.org\/wp\/fr\/2024\/08\/05\/chaine-de-transport-uniformes-vers-le-perou\/#primaryimage\",\"url\":\"https:\/\/sosprimates.org\/wp\/wp-content\/uploads\/2024\/08\/FB_IMG_1722430475959.jpg\",\"contentUrl\":\"https:\/\/sosprimates.org\/wp\/wp-content\/uploads\/2024\/08\/FB_IMG_1722430475959.jpg\",\"width\":720,\"height\":1280},{\"@type\":\"BreadcrumbList\",\"@id\":\"https:\/\/sosprimates.org\/wp\/fr\/2024\/08\/05\/chaine-de-transport-uniformes-vers-le-perou\/#breadcrumb\",\"itemListElement\":[{\"@type\":\"ListItem\",\"position\":1,\"name\":\"Portada\",\"item\":\"https:\/\/sosprimates.org\/wp\/\"},{\"@type\":\"ListItem\",\"position\":2,\"name\":\"Cha\u00eene de transport: uniformes vers le P\u00e9rou\"}]},{\"@type\":\"WebSite\",\"@id\":\"https:\/\/sosprimates.org\/wp\/#website\",\"url\":\"https:\/\/sosprimates.org\/wp\/\",\"name\":\"SOS Primates\",\"description\":\"Su futuro depende de nosotros\",\"publisher\":{\"@id\":\"https:\/\/sosprimates.org\/wp\/#organization\"},\"potentialAction\":[{\"@type\":\"SearchAction\",\"target\":{\"@type\":\"EntryPoint\",\"urlTemplate\":\"https:\/\/sosprimates.org\/wp\/?s={search_term_string}\"},\"query-input\":{\"@type\":\"PropertyValueSpecification\",\"valueRequired\":true,\"valueName\":\"search_term_string\"}}],\"inLanguage\":\"es\"},{\"@type\":\"Organization\",\"@id\":\"https:\/\/sosprimates.org\/wp\/#organization\",\"name\":\"SOS Primates\",\"url\":\"https:\/\/sosprimates.org\/wp\/\",\"logo\":{\"@type\":\"ImageObject\",\"inLanguage\":\"es\",\"@id\":\"https:\/\/sosprimates.org\/wp\/#\/schema\/logo\/image\/\",\"url\":\"https:\/\/sosprimates.org\/wp\/wp-content\/uploads\/2018\/04\/logo-red_peq.jpg\",\"contentUrl\":\"https:\/\/sosprimates.org\/wp\/wp-content\/uploads\/2018\/04\/logo-red_peq.jpg\",\"width\":150,\"height\":48,\"caption\":\"SOS Primates\"},\"image\":{\"@id\":\"https:\/\/sosprimates.org\/wp\/#\/schema\/logo\/image\/\"},\"sameAs\":[\"https:\/\/www.facebook.com\/profile.php?id=100067417628777\",\"https:\/\/www.instagram.com\/sosprimates\/\"]},{\"@type\":\"Person\",\"@id\":\"https:\/\/sosprimates.org\/wp\/#\/schema\/person\/facb7c19e8b7fdd35fcd075a3f07cf91\",\"name\":\"admin\",\"image\":{\"@type\":\"ImageObject\",\"inLanguage\":\"es\",\"@id\":\"https:\/\/secure.gravatar.com\/avatar\/d646abaeeb2e45aee780e463b1328676b0b006e6bedcabcca804a3eb51f33c16?s=96&d=mm&r=g\",\"url\":\"https:\/\/secure.gravatar.com\/avatar\/d646abaeeb2e45aee780e463b1328676b0b006e6bedcabcca804a3eb51f33c16?s=96&d=mm&r=g\",\"contentUrl\":\"https:\/\/secure.gravatar.com\/avatar\/d646abaeeb2e45aee780e463b1328676b0b006e6bedcabcca804a3eb51f33c16?s=96&d=mm&r=g\",\"caption\":\"admin\"},\"url\":\"https:\/\/sosprimates.org\/wp\/author\/admin\/\"}]}<\/script>\n<!-- \/ Yoast SEO plugin. -->","yoast_head_json":{"title":"Cha\u00eene de transport: uniformes vers le P\u00e9rou - SOS Primates","robots":{"index":"index","follow":"follow","max-snippet":"max-snippet:-1","max-image-preview":"max-image-preview:large","max-video-preview":"max-video-preview:-1"},"canonical":"https:\/\/sosprimates.org\/wp\/fr\/2024\/08\/05\/chaine-de-transport-uniformes-vers-le-perou\/","og_locale":"es_ES","og_type":"article","og_title":"Cha\u00eene de transport: uniformes vers le P\u00e9rou - SOS Primates","og_url":"https:\/\/sosprimates.org\/wp\/fr\/2024\/08\/05\/chaine-de-transport-uniformes-vers-le-perou\/","og_site_name":"SOS Primates","article_publisher":"https:\/\/www.facebook.com\/profile.php?id=100067417628777","article_published_time":"2024-08-05T09:19:10+00:00","og_image":[{"width":720,"height":1280,"url":"https:\/\/sosprimates.org\/wp\/wp-content\/uploads\/2024\/08\/FB_IMG_1722430475959.jpg","type":"image\/jpeg"}],"author":"admin","twitter_card":"summary_large_image","twitter_misc":{"Escrito por":"admin","Tiempo de lectura":"3 minutos"},"schema":{"@context":"https:\/\/schema.org","@graph":[{"@type":"Article","@id":"https:\/\/sosprimates.org\/wp\/fr\/2024\/08\/05\/chaine-de-transport-uniformes-vers-le-perou\/#article","isPartOf":{"@id":"https:\/\/sosprimates.org\/wp\/fr\/2024\/08\/05\/chaine-de-transport-uniformes-vers-le-perou\/"},"author":{"name":"admin","@id":"https:\/\/sosprimates.org\/wp\/#\/schema\/person\/facb7c19e8b7fdd35fcd075a3f07cf91"},"headline":"Cha\u00eene de transport: uniformes vers le&nbsp;P\u00e9rou","datePublished":"2024-08-05T09:19:10+00:00","mainEntityOfPage":{"@id":"https:\/\/sosprimates.org\/wp\/fr\/2024\/08\/05\/chaine-de-transport-uniformes-vers-le-perou\/"},"wordCount":1171,"publisher":{"@id":"https:\/\/sosprimates.org\/wp\/#organization"},"image":{"@id":"https:\/\/sosprimates.org\/wp\/fr\/2024\/08\/05\/chaine-de-transport-uniformes-vers-le-perou\/#primaryimage"},"thumbnailUrl":"https:\/\/sosprimates.org\/wp\/wp-content\/uploads\/2024\/08\/FB_IMG_1722430475959.jpg","inLanguage":"es"},{"@type":"WebPage","@id":"https:\/\/sosprimates.org\/wp\/fr\/2024\/08\/05\/chaine-de-transport-uniformes-vers-le-perou\/","url":"https:\/\/sosprimates.org\/wp\/fr\/2024\/08\/05\/chaine-de-transport-uniformes-vers-le-perou\/","name":"Cha\u00eene de transport: uniformes vers le P\u00e9rou - SOS Primates","isPartOf":{"@id":"https:\/\/sosprimates.org\/wp\/#website"},"primaryImageOfPage":{"@id":"https:\/\/sosprimates.org\/wp\/fr\/2024\/08\/05\/chaine-de-transport-uniformes-vers-le-perou\/#primaryimage"},"image":{"@id":"https:\/\/sosprimates.org\/wp\/fr\/2024\/08\/05\/chaine-de-transport-uniformes-vers-le-perou\/#primaryimage"},"thumbnailUrl":"https:\/\/sosprimates.org\/wp\/wp-content\/uploads\/2024\/08\/FB_IMG_1722430475959.jpg","datePublished":"2024-08-05T09:19:10+00:00","breadcrumb":{"@id":"https:\/\/sosprimates.org\/wp\/fr\/2024\/08\/05\/chaine-de-transport-uniformes-vers-le-perou\/#breadcrumb"},"inLanguage":"es","potentialAction":[{"@type":"ReadAction","target":["https:\/\/sosprimates.org\/wp\/fr\/2024\/08\/05\/chaine-de-transport-uniformes-vers-le-perou\/"]}]},{"@type":"ImageObject","inLanguage":"es","@id":"https:\/\/sosprimates.org\/wp\/fr\/2024\/08\/05\/chaine-de-transport-uniformes-vers-le-perou\/#primaryimage","url":"https:\/\/sosprimates.org\/wp\/wp-content\/uploads\/2024\/08\/FB_IMG_1722430475959.jpg","contentUrl":"https:\/\/sosprimates.org\/wp\/wp-content\/uploads\/2024\/08\/FB_IMG_1722430475959.jpg","width":720,"height":1280},{"@type":"BreadcrumbList","@id":"https:\/\/sosprimates.org\/wp\/fr\/2024\/08\/05\/chaine-de-transport-uniformes-vers-le-perou\/#breadcrumb","itemListElement":[{"@type":"ListItem","position":1,"name":"Portada","item":"https:\/\/sosprimates.org\/wp\/"},{"@type":"ListItem","position":2,"name":"Cha\u00eene de transport: uniformes vers le P\u00e9rou"}]},{"@type":"WebSite","@id":"https:\/\/sosprimates.org\/wp\/#website","url":"https:\/\/sosprimates.org\/wp\/","name":"SOS Primates","description":"Su futuro depende de nosotros","publisher":{"@id":"https:\/\/sosprimates.org\/wp\/#organization"},"potentialAction":[{"@type":"SearchAction","target":{"@type":"EntryPoint","urlTemplate":"https:\/\/sosprimates.org\/wp\/?s={search_term_string}"},"query-input":{"@type":"PropertyValueSpecification","valueRequired":true,"valueName":"search_term_string"}}],"inLanguage":"es"},{"@type":"Organization","@id":"https:\/\/sosprimates.org\/wp\/#organization","name":"SOS Primates","url":"https:\/\/sosprimates.org\/wp\/","logo":{"@type":"ImageObject","inLanguage":"es","@id":"https:\/\/sosprimates.org\/wp\/#\/schema\/logo\/image\/","url":"https:\/\/sosprimates.org\/wp\/wp-content\/uploads\/2018\/04\/logo-red_peq.jpg","contentUrl":"https:\/\/sosprimates.org\/wp\/wp-content\/uploads\/2018\/04\/logo-red_peq.jpg","width":150,"height":48,"caption":"SOS Primates"},"image":{"@id":"https:\/\/sosprimates.org\/wp\/#\/schema\/logo\/image\/"},"sameAs":["https:\/\/www.facebook.com\/profile.php?id=100067417628777","https:\/\/www.instagram.com\/sosprimates\/"]},{"@type":"Person","@id":"https:\/\/sosprimates.org\/wp\/#\/schema\/person\/facb7c19e8b7fdd35fcd075a3f07cf91","name":"admin","image":{"@type":"ImageObject","inLanguage":"es","@id":"https:\/\/secure.gravatar.com\/avatar\/d646abaeeb2e45aee780e463b1328676b0b006e6bedcabcca804a3eb51f33c16?s=96&d=mm&r=g","url":"https:\/\/secure.gravatar.com\/avatar\/d646abaeeb2e45aee780e463b1328676b0b006e6bedcabcca804a3eb51f33c16?s=96&d=mm&r=g","contentUrl":"https:\/\/secure.gravatar.com\/avatar\/d646abaeeb2e45aee780e463b1328676b0b006e6bedcabcca804a3eb51f33c16?s=96&d=mm&r=g","caption":"admin"},"url":"https:\/\/sosprimates.org\/wp\/author\/admin\/"}]}},"jetpack_featured_media_url":"https:\/\/sosprimates.org\/wp\/wp-content\/uploads\/2024\/08\/FB_IMG_1722430475959.jpg","jetpack_sharing_enabled":true,"_links":{"self":[{"href":"https:\/\/sosprimates.org\/wp\/wp-json\/wp\/v2\/posts\/19836","targetHints":{"allow":["GET"]}}],"collection":[{"href":"https:\/\/sosprimates.org\/wp\/wp-json\/wp\/v2\/posts"}],"about":[{"href":"https:\/\/sosprimates.org\/wp\/wp-json\/wp\/v2\/types\/post"}],"author":[{"embeddable":true,"href":"https:\/\/sosprimates.org\/wp\/wp-json\/wp\/v2\/users\/1"}],"replies":[{"embeddable":true,"href":"https:\/\/sosprimates.org\/wp\/wp-json\/wp\/v2\/comments?post=19836"}],"version-history":[{"count":1,"href":"https:\/\/sosprimates.org\/wp\/wp-json\/wp\/v2\/posts\/19836\/revisions"}],"predecessor-version":[{"id":19837,"href":"https:\/\/sosprimates.org\/wp\/wp-json\/wp\/v2\/posts\/19836\/revisions\/19837"}],"wp:featuredmedia":[{"embeddable":true,"href":"https:\/\/sosprimates.org\/wp\/wp-json\/wp\/v2\/media\/19834"}],"wp:attachment":[{"href":"https:\/\/sosprimates.org\/wp\/wp-json\/wp\/v2\/media?parent=19836"}],"wp:term":[{"taxonomy":"category","embeddable":true,"href":"https:\/\/sosprimates.org\/wp\/wp-json\/wp\/v2\/categories?post=19836"},{"taxonomy":"post_tag","embeddable":true,"href":"https:\/\/sosprimates.org\/wp\/wp-json\/wp\/v2\/tags?post=19836"}],"curies":[{"name":"wp","href":"https:\/\/api.w.org\/{rel}","templated":true}]}}