{"id":20101,"date":"2024-11-04T13:19:34","date_gmt":"2024-11-04T12:19:34","guid":{"rendered":"https:\/\/sosprimates.org\/wp\/?p=20101"},"modified":"2024-11-04T13:19:34","modified_gmt":"2024-11-04T12:19:34","slug":"nous-envoyons-des-uniformes-a-lhopital-pour-la-faune-sauvage-de-amus-badajoz","status":"publish","type":"post","link":"https:\/\/sosprimates.org\/wp\/fr\/2024\/11\/04\/nous-envoyons-des-uniformes-a-lhopital-pour-la-faune-sauvage-de-amus-badajoz\/","title":{"rendered":"Nous envoyons des uniformes \u00e0 l\u2019h\u00f4pital pour la faune sauvage de <span class=\"caps\">AMUS<\/span>, Badajoz"},"content":{"rendered":"<div class=\"fusion-fullwidth fullwidth-box fusion-builder-row-1 fusion-flex-container has-pattern-background has-mask-background nonhundred-percent-fullwidth non-hundred-percent-height-scrolling\" style=\"--awb-border-radius-top-left:0px;--awb-border-radius-top-right:0px;--awb-border-radius-bottom-right:0px;--awb-border-radius-bottom-left:0px;--awb-flex-wrap:wrap;\"><div class=\"fusion-builder-row fusion-row fusion-flex-align-items-flex-start fusion-flex-content-wrap\" style=\"max-width:1144px;margin-left: calc(-4% \/ 2 );margin-right: calc(-4% \/ 2 );\"><div class=\"fusion-layout-column fusion_builder_column fusion-builder-column-0 fusion_builder_column_1_1 1_1 fusion-flex-column\" style=\"--awb-bg-size:cover;--awb-width-large:100%;--awb-margin-top-large:0px;--awb-spacing-right-large:1.92%;--awb-margin-bottom-large:20px;--awb-spacing-left-large:1.92%;--awb-width-medium:100%;--awb-order-medium:0;--awb-spacing-right-medium:1.92%;--awb-spacing-left-medium:1.92%;--awb-width-small:100%;--awb-order-small:0;--awb-spacing-right-small:1.92%;--awb-spacing-left-small:1.92%;\"><div class=\"fusion-column-wrapper fusion-column-has-shadow fusion-flex-justify-content-flex-start fusion-content-layout-column\"><div class=\"fusion-text fusion-text-1\"><p>En octo\u00adbre der\u00adnier, nous avons pr\u00e9\u00adpa\u00adr\u00e9 plu\u00adsieurs car\u00adtons de mat\u00e9\u00adriel don\u00adn\u00e9s par le <a href=\"https:\/\/zoobarcelona.cat\/es\" target=\"_blank\" rel=\"noopener\">Zoo de Bar\u00adce\u00adlo\u00adne<\/a> sous for\u00adme d\u2019u\u00adni\u00adfor\u00admes et de gants, ain\u00adsi que d\u2019au\u00adtres car\u00adtons de mat\u00e9\u00adriel v\u00e9t\u00e9\u00adri\u00adnai\u00adre don\u00adn\u00e9s par Cris\u00adti\u00adna Collell. La des\u00adti\u00adna\u00adtion \u00e9tait l\u2019h\u00f4\u00adpi\u00adtal pour fau\u00adne sau\u00adva\u00adge <a href=\"https:\/\/amus.org.es\/\" target=\"_blank\" rel=\"noopener\"><span class=\"caps\">AMUS<\/span> Acci\u00f3n por el Mun\u00addo Sal\u00adva\u00adje<\/a>, \u00e0 Vila\u00adfran\u00adca de los Barros, Badajoz.&nbsp;<a href=\"https:\/\/sosprimates.org\/wp\/wp-content\/uploads\/2024\/11\/RRZ3121-scaled.jpg\"><img decoding=\"async\" class=\"aligncenter wp-image-20081 size-fusion-400\" src=\"https:\/\/sosprimates.org\/wp\/wp-content\/uploads\/2024\/11\/RRZ3121-400x599.jpg\" alt width=\"400\" height=\"599\" srcset=\"https:\/\/sosprimates.org\/wp\/wp-content\/uploads\/2024\/11\/RRZ3121-200x300.jpg 200w, https:\/\/sosprimates.org\/wp\/wp-content\/uploads\/2024\/11\/RRZ3121-400x599.jpg 400w, https:\/\/sosprimates.org\/wp\/wp-content\/uploads\/2024\/11\/RRZ3121-600x899.jpg 600w, https:\/\/sosprimates.org\/wp\/wp-content\/uploads\/2024\/11\/RRZ3121-684x1024.jpg 684w, https:\/\/sosprimates.org\/wp\/wp-content\/uploads\/2024\/11\/RRZ3121-768x1150.jpg 768w, https:\/\/sosprimates.org\/wp\/wp-content\/uploads\/2024\/11\/RRZ3121-800x1198.jpg 800w, https:\/\/sosprimates.org\/wp\/wp-content\/uploads\/2024\/11\/RRZ3121-1025x1536.jpg 1025w, https:\/\/sosprimates.org\/wp\/wp-content\/uploads\/2024\/11\/RRZ3121-1200x1797.jpg 1200w, https:\/\/sosprimates.org\/wp\/wp-content\/uploads\/2024\/11\/RRZ3121-1367x2048.jpg 1367w, https:\/\/sosprimates.org\/wp\/wp-content\/uploads\/2024\/11\/RRZ3121-scaled.jpg 1709w\" sizes=\"(max-width: 400px) 100vw, 400px\"><\/a><\/p>\n<p>Au total, le mat\u00e9\u00adriel s\u2019\u00e9\u00adle\u00advait \u00e0 76,25 kg et pou\u00adrrait \u00eatre uti\u00adli\u00ads\u00e9 par le per\u00adson\u00adnel pour les t\u00e2ches quo\u00adti\u00addien\u00adnes de l\u2019h\u00f4\u00adpi\u00adtal, qui fon\u00adction\u00adne avec suc\u00adc\u00e8s depuis 30 ans et est un h\u00f4pi\u00adtal sp\u00e9\u00adcia\u00adli\u00ads\u00e9 dans l\u2019<strong>assis\u00adtan\u00adce m\u00e9di\u00adca\u00adle \u00e0 la fau\u00adne sau\u00adva\u00adge<\/strong>, avec une lar\u00adge gam\u00adme chez tous les grou\u00adpes de ver\u00adt\u00e9\u00adbr\u00e9s, mais sur\u00adtout chez les oiseaux et les mammif\u00e8res.&nbsp;<a href=\"https:\/\/sosprimates.org\/wp\/wp-content\/uploads\/2024\/11\/172-scaled.jpg\"><img decoding=\"async\" class=\"wp-image-20084 size-fusion-400 aligncenter\" src=\"https:\/\/sosprimates.org\/wp\/wp-content\/uploads\/2024\/11\/172-400x225.jpg\" alt width=\"400\" height=\"225\" srcset=\"https:\/\/sosprimates.org\/wp\/wp-content\/uploads\/2024\/11\/172-200x113.jpg 200w, https:\/\/sosprimates.org\/wp\/wp-content\/uploads\/2024\/11\/172-300x169.jpg 300w, https:\/\/sosprimates.org\/wp\/wp-content\/uploads\/2024\/11\/172-400x225.jpg 400w, https:\/\/sosprimates.org\/wp\/wp-content\/uploads\/2024\/11\/172-600x338.jpg 600w, https:\/\/sosprimates.org\/wp\/wp-content\/uploads\/2024\/11\/172-768x432.jpg 768w, https:\/\/sosprimates.org\/wp\/wp-content\/uploads\/2024\/11\/172-800x450.jpg 800w, https:\/\/sosprimates.org\/wp\/wp-content\/uploads\/2024\/11\/172-1024x576.jpg 1024w, https:\/\/sosprimates.org\/wp\/wp-content\/uploads\/2024\/11\/172-1200x675.jpg 1200w, https:\/\/sosprimates.org\/wp\/wp-content\/uploads\/2024\/11\/172-1536x864.jpg 1536w\" sizes=\"(max-width: 400px) 100vw, 400px\"><\/a><\/p>\n<p>Ils ont fait pre\u00aduve d\u2019in\u00adno\u00adva\u00adtion dans la mise en \u0153uvre de pro\u00adjets de gref\u00adfe osseu\u00adse et de th\u00e9\u00adra\u00adpie cellu\u00adlai\u00adre et tra\u00advai\u00adllent en r\u00e9seau avec des ins\u00adti\u00adtu\u00adtions scien\u00adti\u00adfi\u00adques, des uni\u00adver\u00adsi\u00adt\u00e9s et des experts du domai\u00adne m\u00e9di\u00adcal, entre autres orga\u00adni\u00adsa\u00adtions qui lut\u00adtent pour sau\u00adver notre fau\u00adne de l\u2019ex\u00adtin\u00adction et la pro\u00adt\u00e9\u00adger des menaces.<\/p>\n<p><a href=\"https:\/\/sosprimates.org\/wp\/wp-content\/uploads\/2024\/11\/IMG_4566-scaled.jpg\"><img decoding=\"async\" class=\"aligncenter wp-image-20082 size-fusion-400\" src=\"https:\/\/sosprimates.org\/wp\/wp-content\/uploads\/2024\/11\/IMG_4566-400x267.jpg\" alt width=\"400\" height=\"267\" srcset=\"https:\/\/sosprimates.org\/wp\/wp-content\/uploads\/2024\/11\/IMG_4566-200x133.jpg 200w, https:\/\/sosprimates.org\/wp\/wp-content\/uploads\/2024\/11\/IMG_4566-300x200.jpg 300w, https:\/\/sosprimates.org\/wp\/wp-content\/uploads\/2024\/11\/IMG_4566-400x267.jpg 400w, https:\/\/sosprimates.org\/wp\/wp-content\/uploads\/2024\/11\/IMG_4566-600x400.jpg 600w, https:\/\/sosprimates.org\/wp\/wp-content\/uploads\/2024\/11\/IMG_4566-768x512.jpg 768w, https:\/\/sosprimates.org\/wp\/wp-content\/uploads\/2024\/11\/IMG_4566-800x533.jpg 800w, https:\/\/sosprimates.org\/wp\/wp-content\/uploads\/2024\/11\/IMG_4566-1024x683.jpg 1024w, https:\/\/sosprimates.org\/wp\/wp-content\/uploads\/2024\/11\/IMG_4566-1200x800.jpg 1200w, https:\/\/sosprimates.org\/wp\/wp-content\/uploads\/2024\/11\/IMG_4566-1536x1024.jpg 1536w\" sizes=\"(max-width: 400px) 100vw, 400px\"><\/a><\/p>\n<p>Com\u00adme vous le savez, <strong><span class=\"caps\">SOS<\/span> Pri\u00adma\u00adtes<\/strong> g\u00e8re et envoie le mat\u00e9\u00adriel four\u00adni par le Zoo de Bar\u00adce\u00adlo\u00adne aux cen\u00adtres de r\u00e9cu\u00adp\u00e9\u00adra\u00adtion de la fau\u00adne sau\u00adva\u00adge, et pas seu\u00adle\u00adment aux primates.<\/p>\n<p>Sur les pho\u00adtos, vous pou\u00advez voir cer\u00adtai\u00adnes des t\u00e2ches effec\u00adtu\u00e9es au cen\u00adtre, ain\u00adsi que les per\u00adson\u00adnes char\u00adg\u00e9es d\u2019A\u00adMUS qui re\u00e7oi\u00advent le mat\u00e9\u00adriel que nous envoyons.<\/p>\n<p><a href=\"https:\/\/sosprimates.org\/wp\/wp-content\/uploads\/2024\/11\/WhatsApp-Image-2024-10-03-at-12.50.39.jpeg\"><img decoding=\"async\" class=\"aligncenter wp-image-20083 size-fusion-400\" src=\"https:\/\/sosprimates.org\/wp\/wp-content\/uploads\/2024\/11\/WhatsApp-Image-2024-10-03-at-12.50.39-400x481.jpeg\" alt width=\"400\" height=\"481\" srcset=\"https:\/\/sosprimates.org\/wp\/wp-content\/uploads\/2024\/11\/WhatsApp-Image-2024-10-03-at-12.50.39-200x240.jpeg 200w, https:\/\/sosprimates.org\/wp\/wp-content\/uploads\/2024\/11\/WhatsApp-Image-2024-10-03-at-12.50.39-250x300.jpeg 250w, https:\/\/sosprimates.org\/wp\/wp-content\/uploads\/2024\/11\/WhatsApp-Image-2024-10-03-at-12.50.39-400x481.jpeg 400w, https:\/\/sosprimates.org\/wp\/wp-content\/uploads\/2024\/11\/WhatsApp-Image-2024-10-03-at-12.50.39-600x721.jpeg 600w, https:\/\/sosprimates.org\/wp\/wp-content\/uploads\/2024\/11\/WhatsApp-Image-2024-10-03-at-12.50.39-768x923.jpeg 768w, https:\/\/sosprimates.org\/wp\/wp-content\/uploads\/2024\/11\/WhatsApp-Image-2024-10-03-at-12.50.39-800x962.jpeg 800w, https:\/\/sosprimates.org\/wp\/wp-content\/uploads\/2024\/11\/WhatsApp-Image-2024-10-03-at-12.50.39-852x1024.jpeg 852w, https:\/\/sosprimates.org\/wp\/wp-content\/uploads\/2024\/11\/WhatsApp-Image-2024-10-03-at-12.50.39-1200x1442.jpeg 1200w, https:\/\/sosprimates.org\/wp\/wp-content\/uploads\/2024\/11\/WhatsApp-Image-2024-10-03-at-12.50.39-1278x1536.jpeg 1278w, https:\/\/sosprimates.org\/wp\/wp-content\/uploads\/2024\/11\/WhatsApp-Image-2024-10-03-at-12.50.39.jpeg 1287w\" sizes=\"(max-width: 400px) 100vw, 400px\"><\/a><\/p>\n<p>Un grand mer\u00adci \u00e0 tou\u00adtes les per\u00adson\u00adnes impli\u00adqu\u00e9es (au Zoo de Bar\u00adce\u00adlo\u00adne, \u00e0 <span class=\"caps\">AMUS<\/span>, en par\u00adti\u00adcu\u00adlier Sonia et \u00c1lva\u00adro, et bien s\u00fbr \u00e0 la cha\u00ee\u00adne de b\u00e9n\u00e9\u00advo\u00adles qui ont ren\u00addu cela pos\u00adsi\u00adble, Yolan\u00adda, Lola, Eric, Anto\u00adnio, Luis et \u00c1lva\u00adro). Ces der\u00adniers dis\u00adtri\u00adbuaient les car\u00adtons depuis Bar\u00adce\u00adlo\u00adne et de l\u00e0 jus\u00adqu\u2019\u00e0 Vina\u00adroz jus\u00adqu\u2019\u00e0 Bada\u00adjoz, cer\u00adtains pas\u00adsant par Gav\u00e0, \u00e0 Bar\u00adce\u00adlo\u00adne. Une belle op\u00e9\u00adra\u00adtion avec une fin heureuse.<\/p>\n<p>Si vous voya\u00adgez dans l\u2019un des pays o\u00f9 il exis\u00adte des cen\u00adtres pour pri\u00adma\u00adtes ou autres ani\u00admaux et que vous souhai\u00adtez aider, n\u2019h\u00e9\u00adsi\u00adtez pas \u00e0 nous con\u00adtac\u00adter afin que nous puis\u00adsions orga\u00adni\u00adser un envoi pour votre voyage.<\/p>\n<p>Si vous souhai\u00adtez en savoir plus sur ce pro\u00adjet et colla\u00adbo\u00adrer avec nous, vous pou\u00advez \u00e9cri\u00adre \u00e0&nbsp;<a href=\"mailto:info@sosprimates.org\" target=\"_blank\" rel=\"noopener\">info@sosprimates.org<\/a><\/p>\n<\/div><\/div><\/div><\/div><\/div>\n","protected":false},"excerpt":{"rendered":"","protected":false},"author":1,"featured_media":20083,"comment_status":"closed","ping_status":"closed","sticky":false,"template":"","format":"standard","meta":{"wp_typography_post_enhancements_disabled":false,"_jetpack_memberships_contains_paid_content":false,"footnotes":""},"categories":[101],"tags":[],"class_list":["post-20101","post","type-post","status-publish","format-standard","has-post-thumbnail","hentry","category-sin-categoria-fr"],"yoast_head":"<!-- This site is optimized with the Yoast SEO plugin v27.2 - https:\/\/yoast.com\/product\/yoast-seo-wordpress\/ -->\n<title>Nous envoyons des uniformes \u00e0 l&#039;h\u00f4pital pour la faune sauvage de AMUS, Badajoz - SOS Primates<\/title>\n<meta name=\"robots\" content=\"index, follow, max-snippet:-1, max-image-preview:large, max-video-preview:-1\" \/>\n<link rel=\"canonical\" href=\"https:\/\/sosprimates.org\/wp\/fr\/2024\/11\/04\/nous-envoyons-des-uniformes-a-lhopital-pour-la-faune-sauvage-de-amus-badajoz\/\" \/>\n<meta property=\"og:locale\" content=\"es_ES\" \/>\n<meta property=\"og:type\" content=\"article\" \/>\n<meta property=\"og:title\" content=\"Nous envoyons des uniformes \u00e0 l&#039;h\u00f4pital pour la faune sauvage de AMUS, Badajoz - SOS Primates\" \/>\n<meta property=\"og:url\" content=\"https:\/\/sosprimates.org\/wp\/fr\/2024\/11\/04\/nous-envoyons-des-uniformes-a-lhopital-pour-la-faune-sauvage-de-amus-badajoz\/\" \/>\n<meta property=\"og:site_name\" content=\"SOS Primates\" \/>\n<meta property=\"article:publisher\" content=\"https:\/\/www.facebook.com\/profile.php?id=100067417628777\" \/>\n<meta property=\"article:published_time\" content=\"2024-11-04T12:19:34+00:00\" \/>\n<meta property=\"og:image\" content=\"https:\/\/sosprimates.org\/wp\/wp-content\/uploads\/2024\/11\/WhatsApp-Image-2024-10-03-at-12.50.39.jpeg\" \/>\n\t<meta property=\"og:image:width\" content=\"1287\" \/>\n\t<meta property=\"og:image:height\" content=\"1547\" \/>\n\t<meta property=\"og:image:type\" content=\"image\/jpeg\" \/>\n<meta name=\"author\" content=\"admin\" \/>\n<meta name=\"twitter:card\" content=\"summary_large_image\" \/>\n<meta name=\"twitter:label1\" content=\"Escrito por\" \/>\n\t<meta name=\"twitter:data1\" content=\"admin\" \/>\n\t<meta name=\"twitter:label2\" content=\"Tiempo de lectura\" \/>\n\t<meta name=\"twitter:data2\" content=\"3 minutos\" \/>\n<script type=\"application\/ld+json\" class=\"yoast-schema-graph\">{\"@context\":\"https:\/\/schema.org\",\"@graph\":[{\"@type\":\"Article\",\"@id\":\"https:\/\/sosprimates.org\/wp\/fr\/2024\/11\/04\/nous-envoyons-des-uniformes-a-lhopital-pour-la-faune-sauvage-de-amus-badajoz\/#article\",\"isPartOf\":{\"@id\":\"https:\/\/sosprimates.org\/wp\/fr\/2024\/11\/04\/nous-envoyons-des-uniformes-a-lhopital-pour-la-faune-sauvage-de-amus-badajoz\/\"},\"author\":{\"name\":\"admin\",\"@id\":\"https:\/\/sosprimates.org\/wp\/#\/schema\/person\/facb7c19e8b7fdd35fcd075a3f07cf91\"},\"headline\":\"Nous envoyons des uniformes \u00e0 l\u2019h\u00f4pital pour la faune sauvage de AMUS, Badajoz\",\"datePublished\":\"2024-11-04T12:19:34+00:00\",\"mainEntityOfPage\":{\"@id\":\"https:\/\/sosprimates.org\/wp\/fr\/2024\/11\/04\/nous-envoyons-des-uniformes-a-lhopital-pour-la-faune-sauvage-de-amus-badajoz\/\"},\"wordCount\":1301,\"publisher\":{\"@id\":\"https:\/\/sosprimates.org\/wp\/#organization\"},\"image\":{\"@id\":\"https:\/\/sosprimates.org\/wp\/fr\/2024\/11\/04\/nous-envoyons-des-uniformes-a-lhopital-pour-la-faune-sauvage-de-amus-badajoz\/#primaryimage\"},\"thumbnailUrl\":\"https:\/\/sosprimates.org\/wp\/wp-content\/uploads\/2024\/11\/WhatsApp-Image-2024-10-03-at-12.50.39.jpeg\",\"inLanguage\":\"es\"},{\"@type\":\"WebPage\",\"@id\":\"https:\/\/sosprimates.org\/wp\/fr\/2024\/11\/04\/nous-envoyons-des-uniformes-a-lhopital-pour-la-faune-sauvage-de-amus-badajoz\/\",\"url\":\"https:\/\/sosprimates.org\/wp\/fr\/2024\/11\/04\/nous-envoyons-des-uniformes-a-lhopital-pour-la-faune-sauvage-de-amus-badajoz\/\",\"name\":\"Nous envoyons des uniformes \u00e0 l'h\u00f4pital pour la faune sauvage de AMUS, Badajoz - SOS Primates\",\"isPartOf\":{\"@id\":\"https:\/\/sosprimates.org\/wp\/#website\"},\"primaryImageOfPage\":{\"@id\":\"https:\/\/sosprimates.org\/wp\/fr\/2024\/11\/04\/nous-envoyons-des-uniformes-a-lhopital-pour-la-faune-sauvage-de-amus-badajoz\/#primaryimage\"},\"image\":{\"@id\":\"https:\/\/sosprimates.org\/wp\/fr\/2024\/11\/04\/nous-envoyons-des-uniformes-a-lhopital-pour-la-faune-sauvage-de-amus-badajoz\/#primaryimage\"},\"thumbnailUrl\":\"https:\/\/sosprimates.org\/wp\/wp-content\/uploads\/2024\/11\/WhatsApp-Image-2024-10-03-at-12.50.39.jpeg\",\"datePublished\":\"2024-11-04T12:19:34+00:00\",\"breadcrumb\":{\"@id\":\"https:\/\/sosprimates.org\/wp\/fr\/2024\/11\/04\/nous-envoyons-des-uniformes-a-lhopital-pour-la-faune-sauvage-de-amus-badajoz\/#breadcrumb\"},\"inLanguage\":\"es\",\"potentialAction\":[{\"@type\":\"ReadAction\",\"target\":[\"https:\/\/sosprimates.org\/wp\/fr\/2024\/11\/04\/nous-envoyons-des-uniformes-a-lhopital-pour-la-faune-sauvage-de-amus-badajoz\/\"]}]},{\"@type\":\"ImageObject\",\"inLanguage\":\"es\",\"@id\":\"https:\/\/sosprimates.org\/wp\/fr\/2024\/11\/04\/nous-envoyons-des-uniformes-a-lhopital-pour-la-faune-sauvage-de-amus-badajoz\/#primaryimage\",\"url\":\"https:\/\/sosprimates.org\/wp\/wp-content\/uploads\/2024\/11\/WhatsApp-Image-2024-10-03-at-12.50.39.jpeg\",\"contentUrl\":\"https:\/\/sosprimates.org\/wp\/wp-content\/uploads\/2024\/11\/WhatsApp-Image-2024-10-03-at-12.50.39.jpeg\",\"width\":1287,\"height\":1547},{\"@type\":\"BreadcrumbList\",\"@id\":\"https:\/\/sosprimates.org\/wp\/fr\/2024\/11\/04\/nous-envoyons-des-uniformes-a-lhopital-pour-la-faune-sauvage-de-amus-badajoz\/#breadcrumb\",\"itemListElement\":[{\"@type\":\"ListItem\",\"position\":1,\"name\":\"Portada\",\"item\":\"https:\/\/sosprimates.org\/wp\/\"},{\"@type\":\"ListItem\",\"position\":2,\"name\":\"Nous envoyons des uniformes \u00e0 l&#8217;h\u00f4pital pour la faune sauvage de AMUS, Badajoz\"}]},{\"@type\":\"WebSite\",\"@id\":\"https:\/\/sosprimates.org\/wp\/#website\",\"url\":\"https:\/\/sosprimates.org\/wp\/\",\"name\":\"SOS Primates\",\"description\":\"Su futuro depende de nosotros\",\"publisher\":{\"@id\":\"https:\/\/sosprimates.org\/wp\/#organization\"},\"potentialAction\":[{\"@type\":\"SearchAction\",\"target\":{\"@type\":\"EntryPoint\",\"urlTemplate\":\"https:\/\/sosprimates.org\/wp\/?s={search_term_string}\"},\"query-input\":{\"@type\":\"PropertyValueSpecification\",\"valueRequired\":true,\"valueName\":\"search_term_string\"}}],\"inLanguage\":\"es\"},{\"@type\":\"Organization\",\"@id\":\"https:\/\/sosprimates.org\/wp\/#organization\",\"name\":\"SOS Primates\",\"url\":\"https:\/\/sosprimates.org\/wp\/\",\"logo\":{\"@type\":\"ImageObject\",\"inLanguage\":\"es\",\"@id\":\"https:\/\/sosprimates.org\/wp\/#\/schema\/logo\/image\/\",\"url\":\"https:\/\/sosprimates.org\/wp\/wp-content\/uploads\/2018\/04\/logo-red_peq.jpg\",\"contentUrl\":\"https:\/\/sosprimates.org\/wp\/wp-content\/uploads\/2018\/04\/logo-red_peq.jpg\",\"width\":150,\"height\":48,\"caption\":\"SOS Primates\"},\"image\":{\"@id\":\"https:\/\/sosprimates.org\/wp\/#\/schema\/logo\/image\/\"},\"sameAs\":[\"https:\/\/www.facebook.com\/profile.php?id=100067417628777\",\"https:\/\/www.instagram.com\/sosprimates\/\"]},{\"@type\":\"Person\",\"@id\":\"https:\/\/sosprimates.org\/wp\/#\/schema\/person\/facb7c19e8b7fdd35fcd075a3f07cf91\",\"name\":\"admin\",\"image\":{\"@type\":\"ImageObject\",\"inLanguage\":\"es\",\"@id\":\"https:\/\/secure.gravatar.com\/avatar\/d646abaeeb2e45aee780e463b1328676b0b006e6bedcabcca804a3eb51f33c16?s=96&d=mm&r=g\",\"url\":\"https:\/\/secure.gravatar.com\/avatar\/d646abaeeb2e45aee780e463b1328676b0b006e6bedcabcca804a3eb51f33c16?s=96&d=mm&r=g\",\"contentUrl\":\"https:\/\/secure.gravatar.com\/avatar\/d646abaeeb2e45aee780e463b1328676b0b006e6bedcabcca804a3eb51f33c16?s=96&d=mm&r=g\",\"caption\":\"admin\"},\"url\":\"https:\/\/sosprimates.org\/wp\/author\/admin\/\"}]}<\/script>\n<!-- \/ Yoast SEO plugin. -->","yoast_head_json":{"title":"Nous envoyons des uniformes \u00e0 l'h\u00f4pital pour la faune sauvage de AMUS, Badajoz - SOS Primates","robots":{"index":"index","follow":"follow","max-snippet":"max-snippet:-1","max-image-preview":"max-image-preview:large","max-video-preview":"max-video-preview:-1"},"canonical":"https:\/\/sosprimates.org\/wp\/fr\/2024\/11\/04\/nous-envoyons-des-uniformes-a-lhopital-pour-la-faune-sauvage-de-amus-badajoz\/","og_locale":"es_ES","og_type":"article","og_title":"Nous envoyons des uniformes \u00e0 l'h\u00f4pital pour la faune sauvage de AMUS, Badajoz - SOS Primates","og_url":"https:\/\/sosprimates.org\/wp\/fr\/2024\/11\/04\/nous-envoyons-des-uniformes-a-lhopital-pour-la-faune-sauvage-de-amus-badajoz\/","og_site_name":"SOS Primates","article_publisher":"https:\/\/www.facebook.com\/profile.php?id=100067417628777","article_published_time":"2024-11-04T12:19:34+00:00","og_image":[{"width":1287,"height":1547,"url":"https:\/\/sosprimates.org\/wp\/wp-content\/uploads\/2024\/11\/WhatsApp-Image-2024-10-03-at-12.50.39.jpeg","type":"image\/jpeg"}],"author":"admin","twitter_card":"summary_large_image","twitter_misc":{"Escrito por":"admin","Tiempo de lectura":"3 minutos"},"schema":{"@context":"https:\/\/schema.org","@graph":[{"@type":"Article","@id":"https:\/\/sosprimates.org\/wp\/fr\/2024\/11\/04\/nous-envoyons-des-uniformes-a-lhopital-pour-la-faune-sauvage-de-amus-badajoz\/#article","isPartOf":{"@id":"https:\/\/sosprimates.org\/wp\/fr\/2024\/11\/04\/nous-envoyons-des-uniformes-a-lhopital-pour-la-faune-sauvage-de-amus-badajoz\/"},"author":{"name":"admin","@id":"https:\/\/sosprimates.org\/wp\/#\/schema\/person\/facb7c19e8b7fdd35fcd075a3f07cf91"},"headline":"Nous envoyons des uniformes \u00e0 l\u2019h\u00f4pital pour la faune sauvage de AMUS, Badajoz","datePublished":"2024-11-04T12:19:34+00:00","mainEntityOfPage":{"@id":"https:\/\/sosprimates.org\/wp\/fr\/2024\/11\/04\/nous-envoyons-des-uniformes-a-lhopital-pour-la-faune-sauvage-de-amus-badajoz\/"},"wordCount":1301,"publisher":{"@id":"https:\/\/sosprimates.org\/wp\/#organization"},"image":{"@id":"https:\/\/sosprimates.org\/wp\/fr\/2024\/11\/04\/nous-envoyons-des-uniformes-a-lhopital-pour-la-faune-sauvage-de-amus-badajoz\/#primaryimage"},"thumbnailUrl":"https:\/\/sosprimates.org\/wp\/wp-content\/uploads\/2024\/11\/WhatsApp-Image-2024-10-03-at-12.50.39.jpeg","inLanguage":"es"},{"@type":"WebPage","@id":"https:\/\/sosprimates.org\/wp\/fr\/2024\/11\/04\/nous-envoyons-des-uniformes-a-lhopital-pour-la-faune-sauvage-de-amus-badajoz\/","url":"https:\/\/sosprimates.org\/wp\/fr\/2024\/11\/04\/nous-envoyons-des-uniformes-a-lhopital-pour-la-faune-sauvage-de-amus-badajoz\/","name":"Nous envoyons des uniformes \u00e0 l'h\u00f4pital pour la faune sauvage de AMUS, Badajoz - SOS Primates","isPartOf":{"@id":"https:\/\/sosprimates.org\/wp\/#website"},"primaryImageOfPage":{"@id":"https:\/\/sosprimates.org\/wp\/fr\/2024\/11\/04\/nous-envoyons-des-uniformes-a-lhopital-pour-la-faune-sauvage-de-amus-badajoz\/#primaryimage"},"image":{"@id":"https:\/\/sosprimates.org\/wp\/fr\/2024\/11\/04\/nous-envoyons-des-uniformes-a-lhopital-pour-la-faune-sauvage-de-amus-badajoz\/#primaryimage"},"thumbnailUrl":"https:\/\/sosprimates.org\/wp\/wp-content\/uploads\/2024\/11\/WhatsApp-Image-2024-10-03-at-12.50.39.jpeg","datePublished":"2024-11-04T12:19:34+00:00","breadcrumb":{"@id":"https:\/\/sosprimates.org\/wp\/fr\/2024\/11\/04\/nous-envoyons-des-uniformes-a-lhopital-pour-la-faune-sauvage-de-amus-badajoz\/#breadcrumb"},"inLanguage":"es","potentialAction":[{"@type":"ReadAction","target":["https:\/\/sosprimates.org\/wp\/fr\/2024\/11\/04\/nous-envoyons-des-uniformes-a-lhopital-pour-la-faune-sauvage-de-amus-badajoz\/"]}]},{"@type":"ImageObject","inLanguage":"es","@id":"https:\/\/sosprimates.org\/wp\/fr\/2024\/11\/04\/nous-envoyons-des-uniformes-a-lhopital-pour-la-faune-sauvage-de-amus-badajoz\/#primaryimage","url":"https:\/\/sosprimates.org\/wp\/wp-content\/uploads\/2024\/11\/WhatsApp-Image-2024-10-03-at-12.50.39.jpeg","contentUrl":"https:\/\/sosprimates.org\/wp\/wp-content\/uploads\/2024\/11\/WhatsApp-Image-2024-10-03-at-12.50.39.jpeg","width":1287,"height":1547},{"@type":"BreadcrumbList","@id":"https:\/\/sosprimates.org\/wp\/fr\/2024\/11\/04\/nous-envoyons-des-uniformes-a-lhopital-pour-la-faune-sauvage-de-amus-badajoz\/#breadcrumb","itemListElement":[{"@type":"ListItem","position":1,"name":"Portada","item":"https:\/\/sosprimates.org\/wp\/"},{"@type":"ListItem","position":2,"name":"Nous envoyons des uniformes \u00e0 l&#8217;h\u00f4pital pour la faune sauvage de AMUS, Badajoz"}]},{"@type":"WebSite","@id":"https:\/\/sosprimates.org\/wp\/#website","url":"https:\/\/sosprimates.org\/wp\/","name":"SOS Primates","description":"Su futuro depende de nosotros","publisher":{"@id":"https:\/\/sosprimates.org\/wp\/#organization"},"potentialAction":[{"@type":"SearchAction","target":{"@type":"EntryPoint","urlTemplate":"https:\/\/sosprimates.org\/wp\/?s={search_term_string}"},"query-input":{"@type":"PropertyValueSpecification","valueRequired":true,"valueName":"search_term_string"}}],"inLanguage":"es"},{"@type":"Organization","@id":"https:\/\/sosprimates.org\/wp\/#organization","name":"SOS Primates","url":"https:\/\/sosprimates.org\/wp\/","logo":{"@type":"ImageObject","inLanguage":"es","@id":"https:\/\/sosprimates.org\/wp\/#\/schema\/logo\/image\/","url":"https:\/\/sosprimates.org\/wp\/wp-content\/uploads\/2018\/04\/logo-red_peq.jpg","contentUrl":"https:\/\/sosprimates.org\/wp\/wp-content\/uploads\/2018\/04\/logo-red_peq.jpg","width":150,"height":48,"caption":"SOS Primates"},"image":{"@id":"https:\/\/sosprimates.org\/wp\/#\/schema\/logo\/image\/"},"sameAs":["https:\/\/www.facebook.com\/profile.php?id=100067417628777","https:\/\/www.instagram.com\/sosprimates\/"]},{"@type":"Person","@id":"https:\/\/sosprimates.org\/wp\/#\/schema\/person\/facb7c19e8b7fdd35fcd075a3f07cf91","name":"admin","image":{"@type":"ImageObject","inLanguage":"es","@id":"https:\/\/secure.gravatar.com\/avatar\/d646abaeeb2e45aee780e463b1328676b0b006e6bedcabcca804a3eb51f33c16?s=96&d=mm&r=g","url":"https:\/\/secure.gravatar.com\/avatar\/d646abaeeb2e45aee780e463b1328676b0b006e6bedcabcca804a3eb51f33c16?s=96&d=mm&r=g","contentUrl":"https:\/\/secure.gravatar.com\/avatar\/d646abaeeb2e45aee780e463b1328676b0b006e6bedcabcca804a3eb51f33c16?s=96&d=mm&r=g","caption":"admin"},"url":"https:\/\/sosprimates.org\/wp\/author\/admin\/"}]}},"jetpack_featured_media_url":"https:\/\/sosprimates.org\/wp\/wp-content\/uploads\/2024\/11\/WhatsApp-Image-2024-10-03-at-12.50.39.jpeg","jetpack_sharing_enabled":true,"_links":{"self":[{"href":"https:\/\/sosprimates.org\/wp\/wp-json\/wp\/v2\/posts\/20101","targetHints":{"allow":["GET"]}}],"collection":[{"href":"https:\/\/sosprimates.org\/wp\/wp-json\/wp\/v2\/posts"}],"about":[{"href":"https:\/\/sosprimates.org\/wp\/wp-json\/wp\/v2\/types\/post"}],"author":[{"embeddable":true,"href":"https:\/\/sosprimates.org\/wp\/wp-json\/wp\/v2\/users\/1"}],"replies":[{"embeddable":true,"href":"https:\/\/sosprimates.org\/wp\/wp-json\/wp\/v2\/comments?post=20101"}],"version-history":[{"count":1,"href":"https:\/\/sosprimates.org\/wp\/wp-json\/wp\/v2\/posts\/20101\/revisions"}],"predecessor-version":[{"id":20102,"href":"https:\/\/sosprimates.org\/wp\/wp-json\/wp\/v2\/posts\/20101\/revisions\/20102"}],"wp:featuredmedia":[{"embeddable":true,"href":"https:\/\/sosprimates.org\/wp\/wp-json\/wp\/v2\/media\/20083"}],"wp:attachment":[{"href":"https:\/\/sosprimates.org\/wp\/wp-json\/wp\/v2\/media?parent=20101"}],"wp:term":[{"taxonomy":"category","embeddable":true,"href":"https:\/\/sosprimates.org\/wp\/wp-json\/wp\/v2\/categories?post=20101"},{"taxonomy":"post_tag","embeddable":true,"href":"https:\/\/sosprimates.org\/wp\/wp-json\/wp\/v2\/tags?post=20101"}],"curies":[{"name":"wp","href":"https:\/\/api.w.org\/{rel}","templated":true}]}}