{"id":20242,"date":"2024-12-18T15:20:55","date_gmt":"2024-12-18T14:20:55","guid":{"rendered":"https:\/\/sosprimates.org\/wp\/?p=20242"},"modified":"2025-02-17T15:21:51","modified_gmt":"2025-02-17T14:21:51","slug":"creche-de-republique-democratique-du-congo-commandez-la-votre","status":"publish","type":"post","link":"https:\/\/sosprimates.org\/wp\/fr\/2024\/12\/18\/creche-de-republique-democratique-du-congo-commandez-la-votre\/","title":{"rendered":"Cr\u00e8che de R\u00e9publique D\u00e9mocratique du Congo, commandez la&nbsp;v\u00f4tre"},"content":{"rendered":"<div class=\"fusion-fullwidth fullwidth-box fusion-builder-row-1 fusion-flex-container has-pattern-background has-mask-background nonhundred-percent-fullwidth non-hundred-percent-height-scrolling\" style=\"--awb-border-radius-top-left:0px;--awb-border-radius-top-right:0px;--awb-border-radius-bottom-right:0px;--awb-border-radius-bottom-left:0px;--awb-flex-wrap:wrap;\"><div class=\"fusion-builder-row fusion-row fusion-flex-align-items-flex-start fusion-flex-content-wrap\" style=\"max-width:1144px;margin-left: calc(-4% \/ 2 );margin-right: calc(-4% \/ 2 );\"><div class=\"fusion-layout-column fusion_builder_column fusion-builder-column-0 fusion_builder_column_1_1 1_1 fusion-flex-column\" style=\"--awb-bg-size:cover;--awb-width-large:100%;--awb-margin-top-large:0px;--awb-spacing-right-large:1.92%;--awb-margin-bottom-large:20px;--awb-spacing-left-large:1.92%;--awb-width-medium:100%;--awb-order-medium:0;--awb-spacing-right-medium:1.92%;--awb-spacing-left-medium:1.92%;--awb-width-small:100%;--awb-order-small:0;--awb-spacing-right-small:1.92%;--awb-spacing-left-small:1.92%;\"><div class=\"fusion-column-wrapper fusion-column-has-shadow fusion-flex-justify-content-flex-start fusion-content-layout-column\"><div class=\"fusion-text fusion-text-1\"><div>\n<div>Collec\u00adtion\u00adnez-vous les cr\u00e8\u00adches ? Chez <span class=\"caps\">SOS<\/span> Pri\u00adma\u00adtes nous en avons qui sont uni\u00adques et exclu\u00adsi\u00adves \u00e0 notre <span class=\"caps\">ONG<\/span>. Elles sont con\u00adfec\u00adtion\u00adn\u00e9es par un grou\u00adpe de fem\u00admes han\u00addi\u00adca\u00adp\u00e9es, enti\u00e8\u00adre\u00adment \u00e0 la main, en R\u00e9pu\u00adbli\u00adque D\u00e9mo\u00adcra\u00adti\u00adque du Con\u00adgo. Pour un don de 40,95\u20ac vous pou\u00advez avoir la v\u00f4tre (frais d\u2019en\u00advoi non inclus).<\/div>\n<\/div>\n<p><a href=\"https:\/\/sosprimates.org\/wp\/wp-content\/uploads\/2025\/02\/19.png\"><img decoding=\"async\" class=\"aligncenter wp-image-20234 size-fusion-400\" src=\"https:\/\/sosprimates.org\/wp\/wp-content\/uploads\/2025\/02\/19-400x400.png\" alt width=\"400\" height=\"400\" srcset=\"https:\/\/sosprimates.org\/wp\/wp-content\/uploads\/2025\/02\/19-66x66.png 66w, https:\/\/sosprimates.org\/wp\/wp-content\/uploads\/2025\/02\/19-150x150.png 150w, https:\/\/sosprimates.org\/wp\/wp-content\/uploads\/2025\/02\/19-200x200.png 200w, https:\/\/sosprimates.org\/wp\/wp-content\/uploads\/2025\/02\/19-300x300.png 300w, https:\/\/sosprimates.org\/wp\/wp-content\/uploads\/2025\/02\/19-400x400.png 400w, https:\/\/sosprimates.org\/wp\/wp-content\/uploads\/2025\/02\/19-600x600.png 600w, https:\/\/sosprimates.org\/wp\/wp-content\/uploads\/2025\/02\/19-768x768.png 768w, https:\/\/sosprimates.org\/wp\/wp-content\/uploads\/2025\/02\/19-800x800.png 800w, https:\/\/sosprimates.org\/wp\/wp-content\/uploads\/2025\/02\/19-1024x1024.png 1024w, https:\/\/sosprimates.org\/wp\/wp-content\/uploads\/2025\/02\/19.png 1080w\" sizes=\"(max-width: 400px) 100vw, 400px\"><\/a><\/p>\n<div>\n<div>Avec des dons, nous pou\u00advons con\u00adti\u00adnuer \u00e0 appor\u00adter notre pie\u00adrre \u00e0 l\u2019\u00e9\u00addi\u00adfi\u00adce aux frais d\u2019a\u00adli\u00admen\u00adta\u00adtion de plus de 200 pri\u00adma\u00adtes orphe\u00adlins du <span class=\"caps\">CRPL<\/span>, <a href=\"https:\/\/www.lwiroprimates.org\/\" target=\"_blank\" rel=\"noopener\">Lwi\u00adro Pri\u00adma\u00adtes<\/a>, com\u00adme Sasha et Sages\u00adse, sur la&nbsp;photo.<\/div>\n<p><a href=\"https:\/\/sosprimates.org\/wp\/wp-content\/uploads\/2025\/02\/Sasha-y-Sagesse-20191214-c.jpg\"><img decoding=\"async\" class=\"aligncenter wp-image-20235 size-fusion-400\" src=\"https:\/\/sosprimates.org\/wp\/wp-content\/uploads\/2025\/02\/Sasha-y-Sagesse-20191214-c-400x300.jpg\" alt width=\"400\" height=\"300\" srcset=\"https:\/\/sosprimates.org\/wp\/wp-content\/uploads\/2025\/02\/Sasha-y-Sagesse-20191214-c-200x150.jpg 200w, https:\/\/sosprimates.org\/wp\/wp-content\/uploads\/2025\/02\/Sasha-y-Sagesse-20191214-c-300x225.jpg 300w, https:\/\/sosprimates.org\/wp\/wp-content\/uploads\/2025\/02\/Sasha-y-Sagesse-20191214-c-400x300.jpg 400w, https:\/\/sosprimates.org\/wp\/wp-content\/uploads\/2025\/02\/Sasha-y-Sagesse-20191214-c-600x450.jpg 600w, https:\/\/sosprimates.org\/wp\/wp-content\/uploads\/2025\/02\/Sasha-y-Sagesse-20191214-c-768x576.jpg 768w, https:\/\/sosprimates.org\/wp\/wp-content\/uploads\/2025\/02\/Sasha-y-Sagesse-20191214-c-800x600.jpg 800w, https:\/\/sosprimates.org\/wp\/wp-content\/uploads\/2025\/02\/Sasha-y-Sagesse-20191214-c-1024x768.jpg 1024w, https:\/\/sosprimates.org\/wp\/wp-content\/uploads\/2025\/02\/Sasha-y-Sagesse-20191214-c.jpg 1080w\" sizes=\"(max-width: 400px) 100vw, 400px\"><\/a><\/p>\n<\/div>\n<\/div><\/div><\/div><\/div><\/div>\n","protected":false},"excerpt":{"rendered":"","protected":false},"author":1,"featured_media":20239,"comment_status":"closed","ping_status":"closed","sticky":false,"template":"","format":"standard","meta":{"wp_typography_post_enhancements_disabled":false,"_jetpack_memberships_contains_paid_content":false,"footnotes":""},"categories":[101],"tags":[],"class_list":["post-20242","post","type-post","status-publish","format-standard","has-post-thumbnail","hentry","category-sin-categoria-fr"],"yoast_head":"<!-- This site is optimized with the Yoast SEO plugin v27.2 - https:\/\/yoast.com\/product\/yoast-seo-wordpress\/ -->\n<title>Cr\u00e8che de R\u00e9publique D\u00e9mocratique du Congo, commandez la v\u00f4tre - SOS Primates<\/title>\n<meta name=\"robots\" content=\"index, follow, max-snippet:-1, max-image-preview:large, max-video-preview:-1\" \/>\n<link rel=\"canonical\" href=\"https:\/\/sosprimates.org\/wp\/fr\/2024\/12\/18\/creche-de-republique-democratique-du-congo-commandez-la-votre\/\" \/>\n<meta property=\"og:locale\" content=\"es_ES\" \/>\n<meta property=\"og:type\" content=\"article\" \/>\n<meta property=\"og:title\" content=\"Cr\u00e8che de R\u00e9publique D\u00e9mocratique du Congo, commandez la v\u00f4tre - SOS Primates\" \/>\n<meta property=\"og:url\" content=\"https:\/\/sosprimates.org\/wp\/fr\/2024\/12\/18\/creche-de-republique-democratique-du-congo-commandez-la-votre\/\" \/>\n<meta property=\"og:site_name\" content=\"SOS Primates\" \/>\n<meta property=\"article:publisher\" content=\"https:\/\/www.facebook.com\/profile.php?id=100067417628777\" \/>\n<meta property=\"article:published_time\" content=\"2024-12-18T14:20:55+00:00\" \/>\n<meta property=\"article:modified_time\" content=\"2025-02-17T14:21:51+00:00\" \/>\n<meta property=\"og:image\" content=\"https:\/\/sosprimates.org\/wp\/wp-content\/uploads\/2025\/02\/18.png\" \/>\n\t<meta property=\"og:image:width\" content=\"1080\" \/>\n\t<meta property=\"og:image:height\" content=\"1080\" \/>\n\t<meta property=\"og:image:type\" content=\"image\/png\" \/>\n<meta name=\"author\" content=\"admin\" \/>\n<meta name=\"twitter:card\" content=\"summary_large_image\" \/>\n<meta name=\"twitter:label1\" content=\"Escrito por\" \/>\n\t<meta name=\"twitter:data1\" content=\"admin\" \/>\n\t<meta name=\"twitter:label2\" content=\"Tiempo de lectura\" \/>\n\t<meta name=\"twitter:data2\" content=\"1 minuto\" \/>\n<script type=\"application\/ld+json\" class=\"yoast-schema-graph\">{\"@context\":\"https:\/\/schema.org\",\"@graph\":[{\"@type\":\"Article\",\"@id\":\"https:\/\/sosprimates.org\/wp\/fr\/2024\/12\/18\/creche-de-republique-democratique-du-congo-commandez-la-votre\/#article\",\"isPartOf\":{\"@id\":\"https:\/\/sosprimates.org\/wp\/fr\/2024\/12\/18\/creche-de-republique-democratique-du-congo-commandez-la-votre\/\"},\"author\":{\"name\":\"admin\",\"@id\":\"https:\/\/sosprimates.org\/wp\/#\/schema\/person\/facb7c19e8b7fdd35fcd075a3f07cf91\"},\"headline\":\"Cr\u00e8che de R\u00e9publique D\u00e9mocratique du Congo, commandez la&nbsp;v\u00f4tre\",\"datePublished\":\"2024-12-18T14:20:55+00:00\",\"dateModified\":\"2025-02-17T14:21:51+00:00\",\"mainEntityOfPage\":{\"@id\":\"https:\/\/sosprimates.org\/wp\/fr\/2024\/12\/18\/creche-de-republique-democratique-du-congo-commandez-la-votre\/\"},\"wordCount\":1140,\"publisher\":{\"@id\":\"https:\/\/sosprimates.org\/wp\/#organization\"},\"image\":{\"@id\":\"https:\/\/sosprimates.org\/wp\/fr\/2024\/12\/18\/creche-de-republique-democratique-du-congo-commandez-la-votre\/#primaryimage\"},\"thumbnailUrl\":\"https:\/\/sosprimates.org\/wp\/wp-content\/uploads\/2025\/02\/18.png\",\"inLanguage\":\"es\"},{\"@type\":\"WebPage\",\"@id\":\"https:\/\/sosprimates.org\/wp\/fr\/2024\/12\/18\/creche-de-republique-democratique-du-congo-commandez-la-votre\/\",\"url\":\"https:\/\/sosprimates.org\/wp\/fr\/2024\/12\/18\/creche-de-republique-democratique-du-congo-commandez-la-votre\/\",\"name\":\"Cr\u00e8che de R\u00e9publique D\u00e9mocratique du Congo, commandez la v\u00f4tre - SOS Primates\",\"isPartOf\":{\"@id\":\"https:\/\/sosprimates.org\/wp\/#website\"},\"primaryImageOfPage\":{\"@id\":\"https:\/\/sosprimates.org\/wp\/fr\/2024\/12\/18\/creche-de-republique-democratique-du-congo-commandez-la-votre\/#primaryimage\"},\"image\":{\"@id\":\"https:\/\/sosprimates.org\/wp\/fr\/2024\/12\/18\/creche-de-republique-democratique-du-congo-commandez-la-votre\/#primaryimage\"},\"thumbnailUrl\":\"https:\/\/sosprimates.org\/wp\/wp-content\/uploads\/2025\/02\/18.png\",\"datePublished\":\"2024-12-18T14:20:55+00:00\",\"dateModified\":\"2025-02-17T14:21:51+00:00\",\"breadcrumb\":{\"@id\":\"https:\/\/sosprimates.org\/wp\/fr\/2024\/12\/18\/creche-de-republique-democratique-du-congo-commandez-la-votre\/#breadcrumb\"},\"inLanguage\":\"es\",\"potentialAction\":[{\"@type\":\"ReadAction\",\"target\":[\"https:\/\/sosprimates.org\/wp\/fr\/2024\/12\/18\/creche-de-republique-democratique-du-congo-commandez-la-votre\/\"]}]},{\"@type\":\"ImageObject\",\"inLanguage\":\"es\",\"@id\":\"https:\/\/sosprimates.org\/wp\/fr\/2024\/12\/18\/creche-de-republique-democratique-du-congo-commandez-la-votre\/#primaryimage\",\"url\":\"https:\/\/sosprimates.org\/wp\/wp-content\/uploads\/2025\/02\/18.png\",\"contentUrl\":\"https:\/\/sosprimates.org\/wp\/wp-content\/uploads\/2025\/02\/18.png\",\"width\":1080,\"height\":1080},{\"@type\":\"BreadcrumbList\",\"@id\":\"https:\/\/sosprimates.org\/wp\/fr\/2024\/12\/18\/creche-de-republique-democratique-du-congo-commandez-la-votre\/#breadcrumb\",\"itemListElement\":[{\"@type\":\"ListItem\",\"position\":1,\"name\":\"Portada\",\"item\":\"https:\/\/sosprimates.org\/wp\/\"},{\"@type\":\"ListItem\",\"position\":2,\"name\":\"Cr\u00e8che de R\u00e9publique D\u00e9mocratique du Congo, commandez la v\u00f4tre\"}]},{\"@type\":\"WebSite\",\"@id\":\"https:\/\/sosprimates.org\/wp\/#website\",\"url\":\"https:\/\/sosprimates.org\/wp\/\",\"name\":\"SOS Primates\",\"description\":\"Su futuro depende de nosotros\",\"publisher\":{\"@id\":\"https:\/\/sosprimates.org\/wp\/#organization\"},\"potentialAction\":[{\"@type\":\"SearchAction\",\"target\":{\"@type\":\"EntryPoint\",\"urlTemplate\":\"https:\/\/sosprimates.org\/wp\/?s={search_term_string}\"},\"query-input\":{\"@type\":\"PropertyValueSpecification\",\"valueRequired\":true,\"valueName\":\"search_term_string\"}}],\"inLanguage\":\"es\"},{\"@type\":\"Organization\",\"@id\":\"https:\/\/sosprimates.org\/wp\/#organization\",\"name\":\"SOS Primates\",\"url\":\"https:\/\/sosprimates.org\/wp\/\",\"logo\":{\"@type\":\"ImageObject\",\"inLanguage\":\"es\",\"@id\":\"https:\/\/sosprimates.org\/wp\/#\/schema\/logo\/image\/\",\"url\":\"https:\/\/sosprimates.org\/wp\/wp-content\/uploads\/2018\/04\/logo-red_peq.jpg\",\"contentUrl\":\"https:\/\/sosprimates.org\/wp\/wp-content\/uploads\/2018\/04\/logo-red_peq.jpg\",\"width\":150,\"height\":48,\"caption\":\"SOS Primates\"},\"image\":{\"@id\":\"https:\/\/sosprimates.org\/wp\/#\/schema\/logo\/image\/\"},\"sameAs\":[\"https:\/\/www.facebook.com\/profile.php?id=100067417628777\",\"https:\/\/www.instagram.com\/sosprimates\/\"]},{\"@type\":\"Person\",\"@id\":\"https:\/\/sosprimates.org\/wp\/#\/schema\/person\/facb7c19e8b7fdd35fcd075a3f07cf91\",\"name\":\"admin\",\"image\":{\"@type\":\"ImageObject\",\"inLanguage\":\"es\",\"@id\":\"https:\/\/secure.gravatar.com\/avatar\/d646abaeeb2e45aee780e463b1328676b0b006e6bedcabcca804a3eb51f33c16?s=96&d=mm&r=g\",\"url\":\"https:\/\/secure.gravatar.com\/avatar\/d646abaeeb2e45aee780e463b1328676b0b006e6bedcabcca804a3eb51f33c16?s=96&d=mm&r=g\",\"contentUrl\":\"https:\/\/secure.gravatar.com\/avatar\/d646abaeeb2e45aee780e463b1328676b0b006e6bedcabcca804a3eb51f33c16?s=96&d=mm&r=g\",\"caption\":\"admin\"},\"url\":\"https:\/\/sosprimates.org\/wp\/author\/admin\/\"}]}<\/script>\n<!-- \/ Yoast SEO plugin. -->","yoast_head_json":{"title":"Cr\u00e8che de R\u00e9publique D\u00e9mocratique du Congo, commandez la v\u00f4tre - SOS Primates","robots":{"index":"index","follow":"follow","max-snippet":"max-snippet:-1","max-image-preview":"max-image-preview:large","max-video-preview":"max-video-preview:-1"},"canonical":"https:\/\/sosprimates.org\/wp\/fr\/2024\/12\/18\/creche-de-republique-democratique-du-congo-commandez-la-votre\/","og_locale":"es_ES","og_type":"article","og_title":"Cr\u00e8che de R\u00e9publique D\u00e9mocratique du Congo, commandez la v\u00f4tre - SOS Primates","og_url":"https:\/\/sosprimates.org\/wp\/fr\/2024\/12\/18\/creche-de-republique-democratique-du-congo-commandez-la-votre\/","og_site_name":"SOS Primates","article_publisher":"https:\/\/www.facebook.com\/profile.php?id=100067417628777","article_published_time":"2024-12-18T14:20:55+00:00","article_modified_time":"2025-02-17T14:21:51+00:00","og_image":[{"width":1080,"height":1080,"url":"https:\/\/sosprimates.org\/wp\/wp-content\/uploads\/2025\/02\/18.png","type":"image\/png"}],"author":"admin","twitter_card":"summary_large_image","twitter_misc":{"Escrito por":"admin","Tiempo de lectura":"1 minuto"},"schema":{"@context":"https:\/\/schema.org","@graph":[{"@type":"Article","@id":"https:\/\/sosprimates.org\/wp\/fr\/2024\/12\/18\/creche-de-republique-democratique-du-congo-commandez-la-votre\/#article","isPartOf":{"@id":"https:\/\/sosprimates.org\/wp\/fr\/2024\/12\/18\/creche-de-republique-democratique-du-congo-commandez-la-votre\/"},"author":{"name":"admin","@id":"https:\/\/sosprimates.org\/wp\/#\/schema\/person\/facb7c19e8b7fdd35fcd075a3f07cf91"},"headline":"Cr\u00e8che de R\u00e9publique D\u00e9mocratique du Congo, commandez la&nbsp;v\u00f4tre","datePublished":"2024-12-18T14:20:55+00:00","dateModified":"2025-02-17T14:21:51+00:00","mainEntityOfPage":{"@id":"https:\/\/sosprimates.org\/wp\/fr\/2024\/12\/18\/creche-de-republique-democratique-du-congo-commandez-la-votre\/"},"wordCount":1140,"publisher":{"@id":"https:\/\/sosprimates.org\/wp\/#organization"},"image":{"@id":"https:\/\/sosprimates.org\/wp\/fr\/2024\/12\/18\/creche-de-republique-democratique-du-congo-commandez-la-votre\/#primaryimage"},"thumbnailUrl":"https:\/\/sosprimates.org\/wp\/wp-content\/uploads\/2025\/02\/18.png","inLanguage":"es"},{"@type":"WebPage","@id":"https:\/\/sosprimates.org\/wp\/fr\/2024\/12\/18\/creche-de-republique-democratique-du-congo-commandez-la-votre\/","url":"https:\/\/sosprimates.org\/wp\/fr\/2024\/12\/18\/creche-de-republique-democratique-du-congo-commandez-la-votre\/","name":"Cr\u00e8che de R\u00e9publique D\u00e9mocratique du Congo, commandez la v\u00f4tre - SOS Primates","isPartOf":{"@id":"https:\/\/sosprimates.org\/wp\/#website"},"primaryImageOfPage":{"@id":"https:\/\/sosprimates.org\/wp\/fr\/2024\/12\/18\/creche-de-republique-democratique-du-congo-commandez-la-votre\/#primaryimage"},"image":{"@id":"https:\/\/sosprimates.org\/wp\/fr\/2024\/12\/18\/creche-de-republique-democratique-du-congo-commandez-la-votre\/#primaryimage"},"thumbnailUrl":"https:\/\/sosprimates.org\/wp\/wp-content\/uploads\/2025\/02\/18.png","datePublished":"2024-12-18T14:20:55+00:00","dateModified":"2025-02-17T14:21:51+00:00","breadcrumb":{"@id":"https:\/\/sosprimates.org\/wp\/fr\/2024\/12\/18\/creche-de-republique-democratique-du-congo-commandez-la-votre\/#breadcrumb"},"inLanguage":"es","potentialAction":[{"@type":"ReadAction","target":["https:\/\/sosprimates.org\/wp\/fr\/2024\/12\/18\/creche-de-republique-democratique-du-congo-commandez-la-votre\/"]}]},{"@type":"ImageObject","inLanguage":"es","@id":"https:\/\/sosprimates.org\/wp\/fr\/2024\/12\/18\/creche-de-republique-democratique-du-congo-commandez-la-votre\/#primaryimage","url":"https:\/\/sosprimates.org\/wp\/wp-content\/uploads\/2025\/02\/18.png","contentUrl":"https:\/\/sosprimates.org\/wp\/wp-content\/uploads\/2025\/02\/18.png","width":1080,"height":1080},{"@type":"BreadcrumbList","@id":"https:\/\/sosprimates.org\/wp\/fr\/2024\/12\/18\/creche-de-republique-democratique-du-congo-commandez-la-votre\/#breadcrumb","itemListElement":[{"@type":"ListItem","position":1,"name":"Portada","item":"https:\/\/sosprimates.org\/wp\/"},{"@type":"ListItem","position":2,"name":"Cr\u00e8che de R\u00e9publique D\u00e9mocratique du Congo, commandez la v\u00f4tre"}]},{"@type":"WebSite","@id":"https:\/\/sosprimates.org\/wp\/#website","url":"https:\/\/sosprimates.org\/wp\/","name":"SOS Primates","description":"Su futuro depende de nosotros","publisher":{"@id":"https:\/\/sosprimates.org\/wp\/#organization"},"potentialAction":[{"@type":"SearchAction","target":{"@type":"EntryPoint","urlTemplate":"https:\/\/sosprimates.org\/wp\/?s={search_term_string}"},"query-input":{"@type":"PropertyValueSpecification","valueRequired":true,"valueName":"search_term_string"}}],"inLanguage":"es"},{"@type":"Organization","@id":"https:\/\/sosprimates.org\/wp\/#organization","name":"SOS Primates","url":"https:\/\/sosprimates.org\/wp\/","logo":{"@type":"ImageObject","inLanguage":"es","@id":"https:\/\/sosprimates.org\/wp\/#\/schema\/logo\/image\/","url":"https:\/\/sosprimates.org\/wp\/wp-content\/uploads\/2018\/04\/logo-red_peq.jpg","contentUrl":"https:\/\/sosprimates.org\/wp\/wp-content\/uploads\/2018\/04\/logo-red_peq.jpg","width":150,"height":48,"caption":"SOS Primates"},"image":{"@id":"https:\/\/sosprimates.org\/wp\/#\/schema\/logo\/image\/"},"sameAs":["https:\/\/www.facebook.com\/profile.php?id=100067417628777","https:\/\/www.instagram.com\/sosprimates\/"]},{"@type":"Person","@id":"https:\/\/sosprimates.org\/wp\/#\/schema\/person\/facb7c19e8b7fdd35fcd075a3f07cf91","name":"admin","image":{"@type":"ImageObject","inLanguage":"es","@id":"https:\/\/secure.gravatar.com\/avatar\/d646abaeeb2e45aee780e463b1328676b0b006e6bedcabcca804a3eb51f33c16?s=96&d=mm&r=g","url":"https:\/\/secure.gravatar.com\/avatar\/d646abaeeb2e45aee780e463b1328676b0b006e6bedcabcca804a3eb51f33c16?s=96&d=mm&r=g","contentUrl":"https:\/\/secure.gravatar.com\/avatar\/d646abaeeb2e45aee780e463b1328676b0b006e6bedcabcca804a3eb51f33c16?s=96&d=mm&r=g","caption":"admin"},"url":"https:\/\/sosprimates.org\/wp\/author\/admin\/"}]}},"jetpack_featured_media_url":"https:\/\/sosprimates.org\/wp\/wp-content\/uploads\/2025\/02\/18.png","jetpack_sharing_enabled":true,"_links":{"self":[{"href":"https:\/\/sosprimates.org\/wp\/wp-json\/wp\/v2\/posts\/20242","targetHints":{"allow":["GET"]}}],"collection":[{"href":"https:\/\/sosprimates.org\/wp\/wp-json\/wp\/v2\/posts"}],"about":[{"href":"https:\/\/sosprimates.org\/wp\/wp-json\/wp\/v2\/types\/post"}],"author":[{"embeddable":true,"href":"https:\/\/sosprimates.org\/wp\/wp-json\/wp\/v2\/users\/1"}],"replies":[{"embeddable":true,"href":"https:\/\/sosprimates.org\/wp\/wp-json\/wp\/v2\/comments?post=20242"}],"version-history":[{"count":1,"href":"https:\/\/sosprimates.org\/wp\/wp-json\/wp\/v2\/posts\/20242\/revisions"}],"predecessor-version":[{"id":20243,"href":"https:\/\/sosprimates.org\/wp\/wp-json\/wp\/v2\/posts\/20242\/revisions\/20243"}],"wp:featuredmedia":[{"embeddable":true,"href":"https:\/\/sosprimates.org\/wp\/wp-json\/wp\/v2\/media\/20239"}],"wp:attachment":[{"href":"https:\/\/sosprimates.org\/wp\/wp-json\/wp\/v2\/media?parent=20242"}],"wp:term":[{"taxonomy":"category","embeddable":true,"href":"https:\/\/sosprimates.org\/wp\/wp-json\/wp\/v2\/categories?post=20242"},{"taxonomy":"post_tag","embeddable":true,"href":"https:\/\/sosprimates.org\/wp\/wp-json\/wp\/v2\/tags?post=20242"}],"curies":[{"name":"wp","href":"https:\/\/api.w.org\/{rel}","templated":true}]}}