{"id":21258,"date":"2025-11-13T08:34:42","date_gmt":"2025-11-13T07:34:42","guid":{"rendered":"https:\/\/sosprimates.org\/wp\/?p=21258"},"modified":"2025-12-09T08:44:52","modified_gmt":"2025-12-09T07:44:52","slug":"merci-a-laicas-de-nous-avoir-permis-de-participer-au-congres-iberique-des-soigneurs-danimaux-sauvages","status":"publish","type":"post","link":"https:\/\/sosprimates.org\/wp\/fr\/2025\/11\/13\/merci-a-laicas-de-nous-avoir-permis-de-participer-au-congres-iberique-des-soigneurs-danimaux-sauvages\/","title":{"rendered":"Merci \u00e0 L\u2019Aicas de nous avoir permis de participer au Congr\u00e8s Ib\u00e9rique des Soigneurs d\u2019animaux sauvages"},"content":{"rendered":"<div class=\"fusion-fullwidth fullwidth-box fusion-builder-row-1 fusion-flex-container nonhundred-percent-fullwidth non-hundred-percent-height-scrolling\" style=\"--awb-border-radius-top-left:0px;--awb-border-radius-top-right:0px;--awb-border-radius-bottom-right:0px;--awb-border-radius-bottom-left:0px;--awb-flex-wrap:wrap;\"><div class=\"fusion-builder-row fusion-row fusion-flex-align-items-flex-start fusion-flex-content-wrap\" style=\"max-width:1144px;margin-left: calc(-4% \/ 2 );margin-right: calc(-4% \/ 2 );\"><div class=\"fusion-layout-column fusion_builder_column fusion-builder-column-0 fusion_builder_column_1_1 1_1 fusion-flex-column\" style=\"--awb-bg-size:cover;--awb-width-large:100%;--awb-margin-top-large:0px;--awb-spacing-right-large:1.92%;--awb-margin-bottom-large:0px;--awb-spacing-left-large:1.92%;--awb-width-medium:100%;--awb-spacing-right-medium:1.92%;--awb-spacing-left-medium:1.92%;--awb-width-small:100%;--awb-spacing-right-small:1.92%;--awb-spacing-left-small:1.92%;\"><div class=\"fusion-column-wrapper fusion-flex-justify-content-flex-start fusion-content-layout-column\"><div class=\"fusion-text fusion-text-1\"><p><img decoding=\"async\" class=\"aligncenter wp-image-21231 size-full\" src=\"https:\/\/sosprimates.org\/wp\/wp-content\/uploads\/2025\/11\/DDDD.jpg\" alt width=\"1600\" height=\"739\" srcset=\"https:\/\/sosprimates.org\/wp\/wp-content\/uploads\/2025\/11\/DDDD-200x92.jpg 200w, https:\/\/sosprimates.org\/wp\/wp-content\/uploads\/2025\/11\/DDDD-300x139.jpg 300w, https:\/\/sosprimates.org\/wp\/wp-content\/uploads\/2025\/11\/DDDD-400x185.jpg 400w, https:\/\/sosprimates.org\/wp\/wp-content\/uploads\/2025\/11\/DDDD-600x277.jpg 600w, https:\/\/sosprimates.org\/wp\/wp-content\/uploads\/2025\/11\/DDDD-768x355.jpg 768w, https:\/\/sosprimates.org\/wp\/wp-content\/uploads\/2025\/11\/DDDD-800x370.jpg 800w, https:\/\/sosprimates.org\/wp\/wp-content\/uploads\/2025\/11\/DDDD-1024x473.jpg 1024w, https:\/\/sosprimates.org\/wp\/wp-content\/uploads\/2025\/11\/DDDD-1200x554.jpg 1200w, https:\/\/sosprimates.org\/wp\/wp-content\/uploads\/2025\/11\/DDDD-1536x709.jpg 1536w, https:\/\/sosprimates.org\/wp\/wp-content\/uploads\/2025\/11\/DDDD.jpg 1600w\" sizes=\"(max-width: 1600px) 100vw, 1600px\"><\/p>\n<p>Il y a quel\u00adques semai\u00adnes s\u2019est tenu le X\u00e8me Con\u00adgr\u00e8s de l\u2019AI\u00adCAS, Asso\u00adcia\u00adtion Ib\u00e9\u00adri\u00adque des Soig\u00adneurs d\u2019A\u00adni\u00admaux Sau\u00adva\u00adges, au Bio\u00adparc Fuen\u00adgi\u00adro\u00adla, \u00e0 Mala\u00adga. Au total, 94 per\u00adson\u00adnes issues de 27 ins\u00adti\u00adtu\u00adtions zoo\u00adlo\u00adgi\u00adques, prin\u00adci\u00adpa\u00adle\u00adment d\u2019Es\u00adpag\u00adne et du Por\u00adtu\u00adgal, mais aus\u00adsi d\u2019au\u00adtres cen\u00adtres en Fran\u00adce, \u00e0 Gibral\u00adtar ou au Gua\u00adte\u00adma\u00adla, y ont par\u00adti\u00adci\u00adp\u00e9, ce qui rend enco\u00adre plus impor\u00adtant, si pos\u00adsi\u00adble, le tra\u00advail de ces con\u00adgr\u00e8s pour par\u00adta\u00adger des exp\u00e9\u00adrien\u00adces et des infor\u00adma\u00adtions qui ont un impact sur le bien-\u00eatre des ani\u00admaux sous notre res\u00adpon\u00adsa\u00adbi\u00adli\u00adt\u00e9. Lors de ce con\u00adgr\u00e8s, nous avons ren\u00adcon\u00adtr\u00e9 Kris\u00adti\u00adna Edwards, tra\u00adduc\u00adtri\u00adce fra\u00adn\u00e7ai\u00adse pour <span class=\"caps\">SOS<\/span> Pri\u00adma\u00adtes, qui accom\u00adplit un tra\u00advail for\u00admi\u00adda\u00adble de mani\u00e8\u00adre altruis\u00adte. Vous pou\u00advez la voir sur la pho\u00adto aux c\u00f4t\u00e9s d\u2019Au\u00adro\u00adra et Ra\u00fal, dans une pho\u00adto de fami\u00adlle de <span class=\"caps\">SOS<\/span> Primates.<\/p>\n<p>L\u2019AICAS colla\u00adbo\u00adre avec <span class=\"caps\">SOS<\/span> Pri\u00adma\u00adtes depuis sa cr\u00e9a\u00adtion en 2012 et, une ann\u00e9e de plus, a per\u00admis l\u2019ins\u00adta\u00adlla\u00adtion d\u2019un stand avec son mat\u00e9\u00adriel soli\u00addai\u00adre afin de collec\u00adter des dons pour les pri\u00adma\u00adtes orphe\u00adlins du <span class=\"caps\">CRPL<\/span>, Lwi\u00adro Pri\u00adma\u00adtes, com\u00adme Rosie et Elik\u00adya Busa\u00adka\u00adra, en R\u00e9pu\u00adbli\u00adque D\u00e9mo\u00adcra\u00adti\u00adque du Con\u00adgo. Sur la pho\u00adto, le con\u00adseil d\u2019ad\u00admi\u00adnis\u00adtra\u00adtion de l\u2019AI\u00adCAS avec une par\u00adtie du con\u00adseil d\u2019ad\u00admi\u00adnis\u00adtra\u00adtion de <span class=\"caps\">SOS<\/span> Pri\u00adma\u00adtes. Nous remer\u00adcions Kris\u00adti\u00adna et l\u2019AI\u00adCAS pour leur colla\u00adbo\u00adra\u00adtion dans le cadre de l\u2019ai\u00adde appor\u00adt\u00e9e aux primates.<\/p>\n<p>Vous pou\u00advez en savoir plus sur le tra\u00advail de l\u2019AI\u00adCAS sur www.aicas.org et sur ses r\u00e9seaux sociaux.<\/p>\n<p><img decoding=\"async\" class=\"aligncenter wp-image-21233 size-full\" src=\"https:\/\/sosprimates.org\/wp\/wp-content\/uploads\/2025\/11\/EEEEEEE.jpg\" alt width=\"531\" height=\"710\" srcset=\"https:\/\/sosprimates.org\/wp\/wp-content\/uploads\/2025\/11\/EEEEEEE-200x267.jpg 200w, https:\/\/sosprimates.org\/wp\/wp-content\/uploads\/2025\/11\/EEEEEEE-224x300.jpg 224w, https:\/\/sosprimates.org\/wp\/wp-content\/uploads\/2025\/11\/EEEEEEE-400x535.jpg 400w, https:\/\/sosprimates.org\/wp\/wp-content\/uploads\/2025\/11\/EEEEEEE.jpg 531w\" sizes=\"(max-width: 531px) 100vw, 531px\"><\/p>\n<p><img decoding=\"async\" class=\"aligncenter wp-image-21234 size-full\" src=\"https:\/\/sosprimates.org\/wp\/wp-content\/uploads\/2025\/11\/RRRRRR.jpg\" alt width=\"548\" height=\"730\" srcset=\"https:\/\/sosprimates.org\/wp\/wp-content\/uploads\/2025\/11\/RRRRRR-200x266.jpg 200w, https:\/\/sosprimates.org\/wp\/wp-content\/uploads\/2025\/11\/RRRRRR-225x300.jpg 225w, https:\/\/sosprimates.org\/wp\/wp-content\/uploads\/2025\/11\/RRRRRR-400x533.jpg 400w, https:\/\/sosprimates.org\/wp\/wp-content\/uploads\/2025\/11\/RRRRRR.jpg 548w\" sizes=\"(max-width: 548px) 100vw, 548px\"><\/p>\n<p><img decoding=\"async\" class=\"aligncenter wp-image-21232 size-full\" src=\"https:\/\/sosprimates.org\/wp\/wp-content\/uploads\/2025\/11\/EEEE.jpg\" alt width=\"750\" height=\"500\" srcset=\"https:\/\/sosprimates.org\/wp\/wp-content\/uploads\/2025\/11\/EEEE-200x133.jpg 200w, https:\/\/sosprimates.org\/wp\/wp-content\/uploads\/2025\/11\/EEEE-300x200.jpg 300w, https:\/\/sosprimates.org\/wp\/wp-content\/uploads\/2025\/11\/EEEE-400x267.jpg 400w, https:\/\/sosprimates.org\/wp\/wp-content\/uploads\/2025\/11\/EEEE-600x400.jpg 600w, https:\/\/sosprimates.org\/wp\/wp-content\/uploads\/2025\/11\/EEEE.jpg 750w\" sizes=\"(max-width: 750px) 100vw, 750px\"><\/p>\n<\/div><\/div><\/div><\/div><\/div>\n","protected":false},"excerpt":{"rendered":"","protected":false},"author":5,"featured_media":21231,"comment_status":"closed","ping_status":"closed","sticky":false,"template":"","format":"standard","meta":{"wp_typography_post_enhancements_disabled":false,"_jetpack_memberships_contains_paid_content":false,"footnotes":""},"categories":[101],"tags":[],"class_list":["post-21258","post","type-post","status-publish","format-standard","has-post-thumbnail","hentry","category-sin-categoria-fr"],"yoast_head":"<!-- This site is optimized with the Yoast SEO plugin v27.2 - https:\/\/yoast.com\/product\/yoast-seo-wordpress\/ -->\n<title>Merci \u00e0 L&#039;Aicas de nous avoir permis de participer au Congr\u00e8s Ib\u00e9rique des Soigneurs d&#039;animaux sauvages - SOS Primates<\/title>\n<meta name=\"robots\" content=\"index, follow, max-snippet:-1, max-image-preview:large, max-video-preview:-1\" \/>\n<link rel=\"canonical\" href=\"https:\/\/sosprimates.org\/wp\/fr\/2025\/11\/13\/merci-a-laicas-de-nous-avoir-permis-de-participer-au-congres-iberique-des-soigneurs-danimaux-sauvages\/\" \/>\n<meta property=\"og:locale\" content=\"es_ES\" \/>\n<meta property=\"og:type\" content=\"article\" \/>\n<meta property=\"og:title\" content=\"Merci \u00e0 L&#039;Aicas de nous avoir permis de participer au Congr\u00e8s Ib\u00e9rique des Soigneurs d&#039;animaux sauvages - SOS Primates\" \/>\n<meta property=\"og:url\" content=\"https:\/\/sosprimates.org\/wp\/fr\/2025\/11\/13\/merci-a-laicas-de-nous-avoir-permis-de-participer-au-congres-iberique-des-soigneurs-danimaux-sauvages\/\" \/>\n<meta property=\"og:site_name\" content=\"SOS Primates\" \/>\n<meta property=\"article:publisher\" content=\"https:\/\/www.facebook.com\/profile.php?id=100067417628777\" \/>\n<meta property=\"article:published_time\" content=\"2025-11-13T07:34:42+00:00\" \/>\n<meta property=\"article:modified_time\" content=\"2025-12-09T07:44:52+00:00\" \/>\n<meta property=\"og:image\" content=\"https:\/\/sosprimates.org\/wp\/wp-content\/uploads\/2025\/11\/DDDD.jpg\" \/>\n\t<meta property=\"og:image:width\" content=\"1600\" \/>\n\t<meta property=\"og:image:height\" content=\"739\" \/>\n\t<meta property=\"og:image:type\" content=\"image\/jpeg\" \/>\n<meta name=\"author\" content=\"Marta Ortiz\" \/>\n<meta name=\"twitter:card\" content=\"summary_large_image\" \/>\n<meta name=\"twitter:label1\" content=\"Escrito por\" \/>\n\t<meta name=\"twitter:data1\" content=\"Marta Ortiz\" \/>\n\t<meta name=\"twitter:label2\" content=\"Tiempo de lectura\" \/>\n\t<meta name=\"twitter:data2\" content=\"3 minutos\" \/>\n<script type=\"application\/ld+json\" class=\"yoast-schema-graph\">{\"@context\":\"https:\/\/schema.org\",\"@graph\":[{\"@type\":\"Article\",\"@id\":\"https:\/\/sosprimates.org\/wp\/fr\/2025\/11\/13\/merci-a-laicas-de-nous-avoir-permis-de-participer-au-congres-iberique-des-soigneurs-danimaux-sauvages\/#article\",\"isPartOf\":{\"@id\":\"https:\/\/sosprimates.org\/wp\/fr\/2025\/11\/13\/merci-a-laicas-de-nous-avoir-permis-de-participer-au-congres-iberique-des-soigneurs-danimaux-sauvages\/\"},\"author\":{\"name\":\"Marta Ortiz\",\"@id\":\"https:\/\/sosprimates.org\/wp\/#\/schema\/person\/7cc46837e619216cfe284842c4b1a60e\"},\"headline\":\"Merci \u00e0 L\u2019Aicas de nous avoir permis de participer au Congr\u00e8s Ib\u00e9rique des Soigneurs d\u2019animaux sauvages\",\"datePublished\":\"2025-11-13T07:34:42+00:00\",\"dateModified\":\"2025-12-09T07:44:52+00:00\",\"mainEntityOfPage\":{\"@id\":\"https:\/\/sosprimates.org\/wp\/fr\/2025\/11\/13\/merci-a-laicas-de-nous-avoir-permis-de-participer-au-congres-iberique-des-soigneurs-danimaux-sauvages\/\"},\"wordCount\":426,\"publisher\":{\"@id\":\"https:\/\/sosprimates.org\/wp\/#organization\"},\"image\":{\"@id\":\"https:\/\/sosprimates.org\/wp\/fr\/2025\/11\/13\/merci-a-laicas-de-nous-avoir-permis-de-participer-au-congres-iberique-des-soigneurs-danimaux-sauvages\/#primaryimage\"},\"thumbnailUrl\":\"https:\/\/sosprimates.org\/wp\/wp-content\/uploads\/2025\/11\/DDDD.jpg\",\"inLanguage\":\"es\"},{\"@type\":\"WebPage\",\"@id\":\"https:\/\/sosprimates.org\/wp\/fr\/2025\/11\/13\/merci-a-laicas-de-nous-avoir-permis-de-participer-au-congres-iberique-des-soigneurs-danimaux-sauvages\/\",\"url\":\"https:\/\/sosprimates.org\/wp\/fr\/2025\/11\/13\/merci-a-laicas-de-nous-avoir-permis-de-participer-au-congres-iberique-des-soigneurs-danimaux-sauvages\/\",\"name\":\"Merci \u00e0 L'Aicas de nous avoir permis de participer au Congr\u00e8s Ib\u00e9rique des Soigneurs d'animaux sauvages - SOS Primates\",\"isPartOf\":{\"@id\":\"https:\/\/sosprimates.org\/wp\/#website\"},\"primaryImageOfPage\":{\"@id\":\"https:\/\/sosprimates.org\/wp\/fr\/2025\/11\/13\/merci-a-laicas-de-nous-avoir-permis-de-participer-au-congres-iberique-des-soigneurs-danimaux-sauvages\/#primaryimage\"},\"image\":{\"@id\":\"https:\/\/sosprimates.org\/wp\/fr\/2025\/11\/13\/merci-a-laicas-de-nous-avoir-permis-de-participer-au-congres-iberique-des-soigneurs-danimaux-sauvages\/#primaryimage\"},\"thumbnailUrl\":\"https:\/\/sosprimates.org\/wp\/wp-content\/uploads\/2025\/11\/DDDD.jpg\",\"datePublished\":\"2025-11-13T07:34:42+00:00\",\"dateModified\":\"2025-12-09T07:44:52+00:00\",\"breadcrumb\":{\"@id\":\"https:\/\/sosprimates.org\/wp\/fr\/2025\/11\/13\/merci-a-laicas-de-nous-avoir-permis-de-participer-au-congres-iberique-des-soigneurs-danimaux-sauvages\/#breadcrumb\"},\"inLanguage\":\"es\",\"potentialAction\":[{\"@type\":\"ReadAction\",\"target\":[\"https:\/\/sosprimates.org\/wp\/fr\/2025\/11\/13\/merci-a-laicas-de-nous-avoir-permis-de-participer-au-congres-iberique-des-soigneurs-danimaux-sauvages\/\"]}]},{\"@type\":\"ImageObject\",\"inLanguage\":\"es\",\"@id\":\"https:\/\/sosprimates.org\/wp\/fr\/2025\/11\/13\/merci-a-laicas-de-nous-avoir-permis-de-participer-au-congres-iberique-des-soigneurs-danimaux-sauvages\/#primaryimage\",\"url\":\"https:\/\/sosprimates.org\/wp\/wp-content\/uploads\/2025\/11\/DDDD.jpg\",\"contentUrl\":\"https:\/\/sosprimates.org\/wp\/wp-content\/uploads\/2025\/11\/DDDD.jpg\",\"width\":1600,\"height\":739},{\"@type\":\"BreadcrumbList\",\"@id\":\"https:\/\/sosprimates.org\/wp\/fr\/2025\/11\/13\/merci-a-laicas-de-nous-avoir-permis-de-participer-au-congres-iberique-des-soigneurs-danimaux-sauvages\/#breadcrumb\",\"itemListElement\":[{\"@type\":\"ListItem\",\"position\":1,\"name\":\"Portada\",\"item\":\"https:\/\/sosprimates.org\/wp\/\"},{\"@type\":\"ListItem\",\"position\":2,\"name\":\"Merci \u00e0 L&#8217;Aicas de nous avoir permis de participer au Congr\u00e8s Ib\u00e9rique des Soigneurs d&#8217;animaux sauvages\"}]},{\"@type\":\"WebSite\",\"@id\":\"https:\/\/sosprimates.org\/wp\/#website\",\"url\":\"https:\/\/sosprimates.org\/wp\/\",\"name\":\"SOS Primates\",\"description\":\"Su futuro depende de nosotros\",\"publisher\":{\"@id\":\"https:\/\/sosprimates.org\/wp\/#organization\"},\"potentialAction\":[{\"@type\":\"SearchAction\",\"target\":{\"@type\":\"EntryPoint\",\"urlTemplate\":\"https:\/\/sosprimates.org\/wp\/?s={search_term_string}\"},\"query-input\":{\"@type\":\"PropertyValueSpecification\",\"valueRequired\":true,\"valueName\":\"search_term_string\"}}],\"inLanguage\":\"es\"},{\"@type\":\"Organization\",\"@id\":\"https:\/\/sosprimates.org\/wp\/#organization\",\"name\":\"SOS Primates\",\"url\":\"https:\/\/sosprimates.org\/wp\/\",\"logo\":{\"@type\":\"ImageObject\",\"inLanguage\":\"es\",\"@id\":\"https:\/\/sosprimates.org\/wp\/#\/schema\/logo\/image\/\",\"url\":\"https:\/\/sosprimates.org\/wp\/wp-content\/uploads\/2018\/04\/logo-red_peq.jpg\",\"contentUrl\":\"https:\/\/sosprimates.org\/wp\/wp-content\/uploads\/2018\/04\/logo-red_peq.jpg\",\"width\":150,\"height\":48,\"caption\":\"SOS Primates\"},\"image\":{\"@id\":\"https:\/\/sosprimates.org\/wp\/#\/schema\/logo\/image\/\"},\"sameAs\":[\"https:\/\/www.facebook.com\/profile.php?id=100067417628777\",\"https:\/\/www.instagram.com\/sosprimates\/\"]},{\"@type\":\"Person\",\"@id\":\"https:\/\/sosprimates.org\/wp\/#\/schema\/person\/7cc46837e619216cfe284842c4b1a60e\",\"name\":\"Marta Ortiz\",\"image\":{\"@type\":\"ImageObject\",\"inLanguage\":\"es\",\"@id\":\"https:\/\/secure.gravatar.com\/avatar\/ea012ddad7b454b63f8e2ef0256f69a92971254914afb20b300d1f5b6185a95c?s=96&d=mm&r=g\",\"url\":\"https:\/\/secure.gravatar.com\/avatar\/ea012ddad7b454b63f8e2ef0256f69a92971254914afb20b300d1f5b6185a95c?s=96&d=mm&r=g\",\"contentUrl\":\"https:\/\/secure.gravatar.com\/avatar\/ea012ddad7b454b63f8e2ef0256f69a92971254914afb20b300d1f5b6185a95c?s=96&d=mm&r=g\",\"caption\":\"Marta Ortiz\"},\"url\":\"https:\/\/sosprimates.org\/wp\/author\/marta-ortiz\/\"}]}<\/script>\n<!-- \/ Yoast SEO plugin. -->","yoast_head_json":{"title":"Merci \u00e0 L'Aicas de nous avoir permis de participer au Congr\u00e8s Ib\u00e9rique des Soigneurs d'animaux sauvages - SOS Primates","robots":{"index":"index","follow":"follow","max-snippet":"max-snippet:-1","max-image-preview":"max-image-preview:large","max-video-preview":"max-video-preview:-1"},"canonical":"https:\/\/sosprimates.org\/wp\/fr\/2025\/11\/13\/merci-a-laicas-de-nous-avoir-permis-de-participer-au-congres-iberique-des-soigneurs-danimaux-sauvages\/","og_locale":"es_ES","og_type":"article","og_title":"Merci \u00e0 L'Aicas de nous avoir permis de participer au Congr\u00e8s Ib\u00e9rique des Soigneurs d'animaux sauvages - SOS Primates","og_url":"https:\/\/sosprimates.org\/wp\/fr\/2025\/11\/13\/merci-a-laicas-de-nous-avoir-permis-de-participer-au-congres-iberique-des-soigneurs-danimaux-sauvages\/","og_site_name":"SOS Primates","article_publisher":"https:\/\/www.facebook.com\/profile.php?id=100067417628777","article_published_time":"2025-11-13T07:34:42+00:00","article_modified_time":"2025-12-09T07:44:52+00:00","og_image":[{"width":1600,"height":739,"url":"https:\/\/sosprimates.org\/wp\/wp-content\/uploads\/2025\/11\/DDDD.jpg","type":"image\/jpeg"}],"author":"Marta Ortiz","twitter_card":"summary_large_image","twitter_misc":{"Escrito por":"Marta Ortiz","Tiempo de lectura":"3 minutos"},"schema":{"@context":"https:\/\/schema.org","@graph":[{"@type":"Article","@id":"https:\/\/sosprimates.org\/wp\/fr\/2025\/11\/13\/merci-a-laicas-de-nous-avoir-permis-de-participer-au-congres-iberique-des-soigneurs-danimaux-sauvages\/#article","isPartOf":{"@id":"https:\/\/sosprimates.org\/wp\/fr\/2025\/11\/13\/merci-a-laicas-de-nous-avoir-permis-de-participer-au-congres-iberique-des-soigneurs-danimaux-sauvages\/"},"author":{"name":"Marta Ortiz","@id":"https:\/\/sosprimates.org\/wp\/#\/schema\/person\/7cc46837e619216cfe284842c4b1a60e"},"headline":"Merci \u00e0 L\u2019Aicas de nous avoir permis de participer au Congr\u00e8s Ib\u00e9rique des Soigneurs d\u2019animaux sauvages","datePublished":"2025-11-13T07:34:42+00:00","dateModified":"2025-12-09T07:44:52+00:00","mainEntityOfPage":{"@id":"https:\/\/sosprimates.org\/wp\/fr\/2025\/11\/13\/merci-a-laicas-de-nous-avoir-permis-de-participer-au-congres-iberique-des-soigneurs-danimaux-sauvages\/"},"wordCount":426,"publisher":{"@id":"https:\/\/sosprimates.org\/wp\/#organization"},"image":{"@id":"https:\/\/sosprimates.org\/wp\/fr\/2025\/11\/13\/merci-a-laicas-de-nous-avoir-permis-de-participer-au-congres-iberique-des-soigneurs-danimaux-sauvages\/#primaryimage"},"thumbnailUrl":"https:\/\/sosprimates.org\/wp\/wp-content\/uploads\/2025\/11\/DDDD.jpg","inLanguage":"es"},{"@type":"WebPage","@id":"https:\/\/sosprimates.org\/wp\/fr\/2025\/11\/13\/merci-a-laicas-de-nous-avoir-permis-de-participer-au-congres-iberique-des-soigneurs-danimaux-sauvages\/","url":"https:\/\/sosprimates.org\/wp\/fr\/2025\/11\/13\/merci-a-laicas-de-nous-avoir-permis-de-participer-au-congres-iberique-des-soigneurs-danimaux-sauvages\/","name":"Merci \u00e0 L'Aicas de nous avoir permis de participer au Congr\u00e8s Ib\u00e9rique des Soigneurs d'animaux sauvages - SOS Primates","isPartOf":{"@id":"https:\/\/sosprimates.org\/wp\/#website"},"primaryImageOfPage":{"@id":"https:\/\/sosprimates.org\/wp\/fr\/2025\/11\/13\/merci-a-laicas-de-nous-avoir-permis-de-participer-au-congres-iberique-des-soigneurs-danimaux-sauvages\/#primaryimage"},"image":{"@id":"https:\/\/sosprimates.org\/wp\/fr\/2025\/11\/13\/merci-a-laicas-de-nous-avoir-permis-de-participer-au-congres-iberique-des-soigneurs-danimaux-sauvages\/#primaryimage"},"thumbnailUrl":"https:\/\/sosprimates.org\/wp\/wp-content\/uploads\/2025\/11\/DDDD.jpg","datePublished":"2025-11-13T07:34:42+00:00","dateModified":"2025-12-09T07:44:52+00:00","breadcrumb":{"@id":"https:\/\/sosprimates.org\/wp\/fr\/2025\/11\/13\/merci-a-laicas-de-nous-avoir-permis-de-participer-au-congres-iberique-des-soigneurs-danimaux-sauvages\/#breadcrumb"},"inLanguage":"es","potentialAction":[{"@type":"ReadAction","target":["https:\/\/sosprimates.org\/wp\/fr\/2025\/11\/13\/merci-a-laicas-de-nous-avoir-permis-de-participer-au-congres-iberique-des-soigneurs-danimaux-sauvages\/"]}]},{"@type":"ImageObject","inLanguage":"es","@id":"https:\/\/sosprimates.org\/wp\/fr\/2025\/11\/13\/merci-a-laicas-de-nous-avoir-permis-de-participer-au-congres-iberique-des-soigneurs-danimaux-sauvages\/#primaryimage","url":"https:\/\/sosprimates.org\/wp\/wp-content\/uploads\/2025\/11\/DDDD.jpg","contentUrl":"https:\/\/sosprimates.org\/wp\/wp-content\/uploads\/2025\/11\/DDDD.jpg","width":1600,"height":739},{"@type":"BreadcrumbList","@id":"https:\/\/sosprimates.org\/wp\/fr\/2025\/11\/13\/merci-a-laicas-de-nous-avoir-permis-de-participer-au-congres-iberique-des-soigneurs-danimaux-sauvages\/#breadcrumb","itemListElement":[{"@type":"ListItem","position":1,"name":"Portada","item":"https:\/\/sosprimates.org\/wp\/"},{"@type":"ListItem","position":2,"name":"Merci \u00e0 L&#8217;Aicas de nous avoir permis de participer au Congr\u00e8s Ib\u00e9rique des Soigneurs d&#8217;animaux sauvages"}]},{"@type":"WebSite","@id":"https:\/\/sosprimates.org\/wp\/#website","url":"https:\/\/sosprimates.org\/wp\/","name":"SOS Primates","description":"Su futuro depende de nosotros","publisher":{"@id":"https:\/\/sosprimates.org\/wp\/#organization"},"potentialAction":[{"@type":"SearchAction","target":{"@type":"EntryPoint","urlTemplate":"https:\/\/sosprimates.org\/wp\/?s={search_term_string}"},"query-input":{"@type":"PropertyValueSpecification","valueRequired":true,"valueName":"search_term_string"}}],"inLanguage":"es"},{"@type":"Organization","@id":"https:\/\/sosprimates.org\/wp\/#organization","name":"SOS Primates","url":"https:\/\/sosprimates.org\/wp\/","logo":{"@type":"ImageObject","inLanguage":"es","@id":"https:\/\/sosprimates.org\/wp\/#\/schema\/logo\/image\/","url":"https:\/\/sosprimates.org\/wp\/wp-content\/uploads\/2018\/04\/logo-red_peq.jpg","contentUrl":"https:\/\/sosprimates.org\/wp\/wp-content\/uploads\/2018\/04\/logo-red_peq.jpg","width":150,"height":48,"caption":"SOS Primates"},"image":{"@id":"https:\/\/sosprimates.org\/wp\/#\/schema\/logo\/image\/"},"sameAs":["https:\/\/www.facebook.com\/profile.php?id=100067417628777","https:\/\/www.instagram.com\/sosprimates\/"]},{"@type":"Person","@id":"https:\/\/sosprimates.org\/wp\/#\/schema\/person\/7cc46837e619216cfe284842c4b1a60e","name":"Marta Ortiz","image":{"@type":"ImageObject","inLanguage":"es","@id":"https:\/\/secure.gravatar.com\/avatar\/ea012ddad7b454b63f8e2ef0256f69a92971254914afb20b300d1f5b6185a95c?s=96&d=mm&r=g","url":"https:\/\/secure.gravatar.com\/avatar\/ea012ddad7b454b63f8e2ef0256f69a92971254914afb20b300d1f5b6185a95c?s=96&d=mm&r=g","contentUrl":"https:\/\/secure.gravatar.com\/avatar\/ea012ddad7b454b63f8e2ef0256f69a92971254914afb20b300d1f5b6185a95c?s=96&d=mm&r=g","caption":"Marta Ortiz"},"url":"https:\/\/sosprimates.org\/wp\/author\/marta-ortiz\/"}]}},"jetpack_featured_media_url":"https:\/\/sosprimates.org\/wp\/wp-content\/uploads\/2025\/11\/DDDD.jpg","jetpack_sharing_enabled":true,"_links":{"self":[{"href":"https:\/\/sosprimates.org\/wp\/wp-json\/wp\/v2\/posts\/21258","targetHints":{"allow":["GET"]}}],"collection":[{"href":"https:\/\/sosprimates.org\/wp\/wp-json\/wp\/v2\/posts"}],"about":[{"href":"https:\/\/sosprimates.org\/wp\/wp-json\/wp\/v2\/types\/post"}],"author":[{"embeddable":true,"href":"https:\/\/sosprimates.org\/wp\/wp-json\/wp\/v2\/users\/5"}],"replies":[{"embeddable":true,"href":"https:\/\/sosprimates.org\/wp\/wp-json\/wp\/v2\/comments?post=21258"}],"version-history":[{"count":2,"href":"https:\/\/sosprimates.org\/wp\/wp-json\/wp\/v2\/posts\/21258\/revisions"}],"predecessor-version":[{"id":21260,"href":"https:\/\/sosprimates.org\/wp\/wp-json\/wp\/v2\/posts\/21258\/revisions\/21260"}],"wp:featuredmedia":[{"embeddable":true,"href":"https:\/\/sosprimates.org\/wp\/wp-json\/wp\/v2\/media\/21231"}],"wp:attachment":[{"href":"https:\/\/sosprimates.org\/wp\/wp-json\/wp\/v2\/media?parent=21258"}],"wp:term":[{"taxonomy":"category","embeddable":true,"href":"https:\/\/sosprimates.org\/wp\/wp-json\/wp\/v2\/categories?post=21258"},{"taxonomy":"post_tag","embeddable":true,"href":"https:\/\/sosprimates.org\/wp\/wp-json\/wp\/v2\/tags?post=21258"}],"curies":[{"name":"wp","href":"https:\/\/api.w.org\/{rel}","templated":true}]}}