{"id":21470,"date":"2026-01-19T07:52:06","date_gmt":"2026-01-19T06:52:06","guid":{"rendered":"https:\/\/sosprimates.org\/wp\/?p=21470"},"modified":"2026-01-26T07:59:04","modified_gmt":"2026-01-26T06:59:04","slug":"nous-aidons-egalement-le-groupe-lobo-au-portugal","status":"publish","type":"post","link":"https:\/\/sosprimates.org\/wp\/fr\/2026\/01\/19\/nous-aidons-egalement-le-groupe-lobo-au-portugal\/","title":{"rendered":"<span class=\"dquo\">\u00ab<\/span><span class=\"caps\">NOUS<\/span> <span class=\"caps\">AIDONS<\/span> <span class=\"caps\">\u00c9GALEMENT<\/span> <span class=\"caps\">LE<\/span> <span class=\"caps\">GROUPE<\/span> <span class=\"caps\">LOBO<\/span>, <span class=\"caps\">AU<\/span> <span class=\"caps\">PORTUGAL<\/span>.\u00bb"},"content":{"rendered":"<div class=\"fusion-fullwidth fullwidth-box fusion-builder-row-1 fusion-flex-container nonhundred-percent-fullwidth non-hundred-percent-height-scrolling\" style=\"--awb-border-radius-top-left:0px;--awb-border-radius-top-right:0px;--awb-border-radius-bottom-right:0px;--awb-border-radius-bottom-left:0px;--awb-flex-wrap:wrap;\"><div class=\"fusion-builder-row fusion-row fusion-flex-align-items-flex-start fusion-flex-content-wrap\" style=\"max-width:1144px;margin-left: calc(-4% \/ 2 );margin-right: calc(-4% \/ 2 );\"><div class=\"fusion-layout-column fusion_builder_column fusion-builder-column-0 fusion_builder_column_1_1 1_1 fusion-flex-column\" style=\"--awb-bg-size:cover;--awb-width-large:100%;--awb-margin-top-large:0px;--awb-spacing-right-large:1.92%;--awb-margin-bottom-large:0px;--awb-spacing-left-large:1.92%;--awb-width-medium:100%;--awb-spacing-right-medium:1.92%;--awb-spacing-left-medium:1.92%;--awb-width-small:100%;--awb-spacing-right-small:1.92%;--awb-spacing-left-small:1.92%;\"><div class=\"fusion-column-wrapper fusion-flex-justify-content-flex-start fusion-content-layout-column\"><div class=\"fusion-text fusion-text-1\"><p><img decoding=\"async\" class=\"aligncenter wp-image-21458 size-full\" src=\"https:\/\/sosprimates.org\/wp\/wp-content\/uploads\/2026\/01\/lllll.jpg\" alt width=\"590\" height=\"393\" srcset=\"https:\/\/sosprimates.org\/wp\/wp-content\/uploads\/2026\/01\/lllll-200x133.jpg 200w, https:\/\/sosprimates.org\/wp\/wp-content\/uploads\/2026\/01\/lllll-300x200.jpg 300w, https:\/\/sosprimates.org\/wp\/wp-content\/uploads\/2026\/01\/lllll-400x266.jpg 400w, https:\/\/sosprimates.org\/wp\/wp-content\/uploads\/2026\/01\/lllll.jpg 590w\" sizes=\"(max-width: 590px) 100vw, 590px\"><\/p>\n<p>En ao\u00fbt der\u00adnier, Mar\u00adta Arauz, b\u00e9n\u00e9\u00advo\u00adle chez <a href=\"https:\/\/sosprimates.org\/wp\/\" target=\"_blank\" rel=\"noopener\"><strong><span class=\"caps\">SOS<\/span> Pri\u00adma\u00adtes<\/strong><\/a>, s\u2019est ren\u00addue \u00e0 Lis\u00adbon\u00adne, au Por\u00adtu\u00adgal, pour par\u00adti\u00adci\u00adper \u00e0 la livrai\u00adson de mat\u00e9\u00adriel (uni\u00adfor\u00admes, gants, mas\u00adques, etc.) four\u00adni par le <a href=\"https:\/\/zoobarcelona.cat\/es\" target=\"_blank\" rel=\"noopener\">Zoo de Bar\u00adce\u00adlo\u00adne<\/a>. Au d\u00e9part, ce mat\u00e9\u00adriel \u00e9tait uni\u00adque\u00adment des\u00adti\u00adn\u00e9 aux sanc\u00adtuai\u00adres pour pri\u00adma\u00adtes, mais aujour\u00add\u2019hui, nous l\u2019en\u00advo\u00adyons \u00e9ga\u00adle\u00adment \u00e0 des cen\u00adtres qui s\u2019oc\u00adcu\u00adpent de la fau\u00adne ib\u00e9\u00adri\u00adque et exo\u00adti\u00adque, et m\u00eame \u00e0 des refu\u00adges pour ani\u00admaux domes\u00adti\u00adques. Mar\u00adta a appor\u00adt\u00e9 20,5 kg de mat\u00e9\u00adriel au Cen\u00adtre de R\u00e9cu\u00adp\u00e9\u00adra\u00adtion du Loup Ib\u00e9\u00adri\u00adque (<span class=\"caps\">CRLI<\/span>), cr\u00e9\u00e9 en 1987 par l\u2019ONG por\u00adtu\u00adgai\u00adse Gru\u00adpo Lobo. Le <span class=\"caps\">CRLI<\/span> occu\u00adpe 18 hec\u00adta\u00adres dans une vall\u00e9e boi\u00ads\u00e9e \u00e0 Mafra, \u00e0 30 km de Lisbonne.<\/p>\n<p>Le cen\u00adtre accuei\u00adlle des loups qui ne peu\u00advent pas vivre en liber\u00adt\u00e9 : vic\u00adti\u00admes de pi\u00e8\u00adges, de cap\u00adti\u00advi\u00adt\u00e9 ill\u00e9\u00adga\u00adle ou reje\u00adt\u00e9s par des ins\u00adti\u00adtu\u00adtions zoo\u00adlo\u00adgi\u00adques, com\u00adme Noguei\u00adra, sur la pho\u00adto (auteu\u00adre : M\u00f3ni\u00adca Arauz). Son acti\u00advi\u00adt\u00e9 repo\u00adse sur la phi\u00adlo\u00adsophie d\u2019un sanc\u00adtuai\u00adre, qui pri\u00advi\u00adl\u00e9\u00adgie le bien-\u00eatre ani\u00admal et offre des con\u00addi\u00adtions simi\u00adlai\u00adres \u00e0 celles de son habi\u00adtat natu\u00adrel. Il d\u00e9ve\u00adlop\u00adpe \u00e9ga\u00adle\u00adment des pro\u00adgram\u00admes scien\u00adti\u00adfi\u00adques et \u00e9du\u00adca\u00adtifs afin de sen\u00adsi\u00adbi\u00adli\u00adser le public \u00e0 l\u2019\u00e9\u00adco\u00adlo\u00adgie et au com\u00adpor\u00adte\u00adment des loups, aux dan\u00adgers aux\u00adquels ils sont con\u00adfron\u00adt\u00e9s et \u00e0 l\u2019im\u00adpor\u00adtan\u00adce de leur protection.<\/p>\n<p>L\u2019ob\u00adser\u00adva\u00adtion des loups dans un envi\u00adron\u00adne\u00adment semi-natu\u00adrel offre des oppor\u00adtu\u00adni\u00adt\u00e9s uni\u00adques de sen\u00adsi\u00adbi\u00adli\u00adser \u00e0 leur con\u00adser\u00adva\u00adtion et \u00e0 celle de la bio\u00addi\u00adver\u00adsi\u00adt\u00e9 en g\u00e9n\u00e9ral.<\/p>\n<p>Pour en savoir plus sur Gru\u00adpo Lobo, visi\u00adtez son site web <a href=\"https:\/\/www.grupolobo.pt\/\" target=\"_blank\" rel=\"noopener\">https:\/\/www.grupolobo.pt\/<\/a><\/p>\n<p>Nous som\u00admes tr\u00e8s heu\u00adreux de pou\u00advoir aider les loups depuis<a href=\"https:\/\/sosprimates.org\/wp\/\" target=\"_blank\" rel=\"noopener\"><strong> <span class=\"caps\">SOS<\/span> Primates.&nbsp;<\/strong><\/a><\/p>\n<p>Si vous colla\u00adbo\u00adrez avec une autre <span class=\"caps\">ONG<\/span> et pen\u00adsez qu\u2019e\u00adlle pou\u00adrrait \u00e9ga\u00adle\u00adment b\u00e9n\u00e9\u00adfi\u00adcier de ce mat\u00e9\u00adriel, con\u00adtac\u00adtez-nous \u00e0 l\u2019a\u00addres\u00adse info@sosprimates.org.<\/p>\n<p>Nous remer\u00adcions le <a href=\"https:\/\/zoobarcelona.cat\/es\" target=\"_blank\" rel=\"noopener\">Zoo de Bar\u00adce\u00adlo\u00adne<\/a> pour son don, le Gru\u00adpo Lobo pour sa gen\u00adti\u00adlles\u00adse et sa dis\u00adpo\u00adni\u00adbi\u00adli\u00adt\u00e9, et en par\u00adti\u00adcu\u00adlier notre coll\u00e8\u00adgue Mar\u00adta pour sa soli\u00adda\u00adri\u00adt\u00e9 et son enga\u00adge\u00adment non seu\u00adle\u00adment envers <a href=\"https:\/\/sosprimates.org\/wp\/\" target=\"_blank\" rel=\"noopener\"><span class=\"caps\">SOS<\/span> Pri\u00adma\u00adtes<\/a>, mais aus\u00adsi envers les ani\u00admaux.&nbsp;Merci&nbsp;!<\/p>\n<p><img decoding=\"async\" class=\"aligncenter wp-image-21459 size-full\" src=\"https:\/\/sosprimates.org\/wp\/wp-content\/uploads\/2026\/01\/fffff.jpg\" alt width=\"443\" height=\"590\" srcset=\"https:\/\/sosprimates.org\/wp\/wp-content\/uploads\/2026\/01\/fffff-200x266.jpg 200w, https:\/\/sosprimates.org\/wp\/wp-content\/uploads\/2026\/01\/fffff-225x300.jpg 225w, https:\/\/sosprimates.org\/wp\/wp-content\/uploads\/2026\/01\/fffff-400x533.jpg 400w, https:\/\/sosprimates.org\/wp\/wp-content\/uploads\/2026\/01\/fffff.jpg 443w\" sizes=\"(max-width: 443px) 100vw, 443px\"><\/p>\n<p><img decoding=\"async\" class=\"aligncenter wp-image-21460 size-full\" src=\"https:\/\/sosprimates.org\/wp\/wp-content\/uploads\/2026\/01\/ggggg.jpg\" alt width=\"443\" height=\"590\" srcset=\"https:\/\/sosprimates.org\/wp\/wp-content\/uploads\/2026\/01\/ggggg-200x266.jpg 200w, https:\/\/sosprimates.org\/wp\/wp-content\/uploads\/2026\/01\/ggggg-225x300.jpg 225w, https:\/\/sosprimates.org\/wp\/wp-content\/uploads\/2026\/01\/ggggg-400x533.jpg 400w, https:\/\/sosprimates.org\/wp\/wp-content\/uploads\/2026\/01\/ggggg.jpg 443w\" sizes=\"(max-width: 443px) 100vw, 443px\"><\/p>\n<p><img decoding=\"async\" class=\"aligncenter wp-image-21461 size-full\" src=\"https:\/\/sosprimates.org\/wp\/wp-content\/uploads\/2026\/01\/hhhh.jpg\" alt width=\"443\" height=\"590\" srcset=\"https:\/\/sosprimates.org\/wp\/wp-content\/uploads\/2026\/01\/hhhh-200x266.jpg 200w, https:\/\/sosprimates.org\/wp\/wp-content\/uploads\/2026\/01\/hhhh-225x300.jpg 225w, https:\/\/sosprimates.org\/wp\/wp-content\/uploads\/2026\/01\/hhhh-400x533.jpg 400w, https:\/\/sosprimates.org\/wp\/wp-content\/uploads\/2026\/01\/hhhh.jpg 443w\" sizes=\"(max-width: 443px) 100vw, 443px\"><\/p>\n<\/div><\/div><\/div><\/div><\/div>\n","protected":false},"excerpt":{"rendered":"","protected":false},"author":5,"featured_media":21458,"comment_status":"closed","ping_status":"closed","sticky":false,"template":"","format":"standard","meta":{"wp_typography_post_enhancements_disabled":false,"_jetpack_memberships_contains_paid_content":false,"footnotes":""},"categories":[101],"tags":[],"class_list":["post-21470","post","type-post","status-publish","format-standard","has-post-thumbnail","hentry","category-sin-categoria-fr"],"yoast_head":"<!-- This site is optimized with the Yoast SEO plugin v27.2 - https:\/\/yoast.com\/product\/yoast-seo-wordpress\/ -->\n<title>\u00abNOUS AIDONS \u00c9GALEMENT LE GROUPE LOBO, AU PORTUGAL.\u00bb - SOS Primates<\/title>\n<meta name=\"robots\" content=\"index, follow, max-snippet:-1, max-image-preview:large, max-video-preview:-1\" \/>\n<link rel=\"canonical\" href=\"https:\/\/sosprimates.org\/wp\/fr\/2026\/01\/19\/nous-aidons-egalement-le-groupe-lobo-au-portugal\/\" \/>\n<meta property=\"og:locale\" content=\"es_ES\" \/>\n<meta property=\"og:type\" content=\"article\" \/>\n<meta property=\"og:title\" content=\"\u00abNOUS AIDONS \u00c9GALEMENT LE GROUPE LOBO, AU PORTUGAL.\u00bb - SOS Primates\" \/>\n<meta property=\"og:url\" content=\"https:\/\/sosprimates.org\/wp\/fr\/2026\/01\/19\/nous-aidons-egalement-le-groupe-lobo-au-portugal\/\" \/>\n<meta property=\"og:site_name\" content=\"SOS Primates\" \/>\n<meta property=\"article:publisher\" content=\"https:\/\/www.facebook.com\/profile.php?id=100067417628777\" \/>\n<meta property=\"article:published_time\" content=\"2026-01-19T06:52:06+00:00\" \/>\n<meta property=\"article:modified_time\" content=\"2026-01-26T06:59:04+00:00\" \/>\n<meta property=\"og:image\" content=\"https:\/\/sosprimates.org\/wp\/wp-content\/uploads\/2026\/01\/lllll.jpg\" \/>\n\t<meta property=\"og:image:width\" content=\"590\" \/>\n\t<meta property=\"og:image:height\" content=\"393\" \/>\n\t<meta property=\"og:image:type\" content=\"image\/jpeg\" \/>\n<meta name=\"author\" content=\"Marta Ortiz\" \/>\n<meta name=\"twitter:card\" content=\"summary_large_image\" \/>\n<meta name=\"twitter:label1\" content=\"Escrito por\" \/>\n\t<meta name=\"twitter:data1\" content=\"Marta Ortiz\" \/>\n\t<meta name=\"twitter:label2\" content=\"Tiempo de lectura\" \/>\n\t<meta name=\"twitter:data2\" content=\"3 minutos\" \/>\n<script type=\"application\/ld+json\" class=\"yoast-schema-graph\">{\"@context\":\"https:\/\/schema.org\",\"@graph\":[{\"@type\":\"Article\",\"@id\":\"https:\/\/sosprimates.org\/wp\/fr\/2026\/01\/19\/nous-aidons-egalement-le-groupe-lobo-au-portugal\/#article\",\"isPartOf\":{\"@id\":\"https:\/\/sosprimates.org\/wp\/fr\/2026\/01\/19\/nous-aidons-egalement-le-groupe-lobo-au-portugal\/\"},\"author\":{\"name\":\"Marta Ortiz\",\"@id\":\"https:\/\/sosprimates.org\/wp\/#\/schema\/person\/7cc46837e619216cfe284842c4b1a60e\"},\"headline\":\"\u00abNOUS AIDONS \u00c9GALEMENT LE GROUPE LOBO, AU PORTUGAL.\u00bb\",\"datePublished\":\"2026-01-19T06:52:06+00:00\",\"dateModified\":\"2026-01-26T06:59:04+00:00\",\"mainEntityOfPage\":{\"@id\":\"https:\/\/sosprimates.org\/wp\/fr\/2026\/01\/19\/nous-aidons-egalement-le-groupe-lobo-au-portugal\/\"},\"wordCount\":502,\"publisher\":{\"@id\":\"https:\/\/sosprimates.org\/wp\/#organization\"},\"image\":{\"@id\":\"https:\/\/sosprimates.org\/wp\/fr\/2026\/01\/19\/nous-aidons-egalement-le-groupe-lobo-au-portugal\/#primaryimage\"},\"thumbnailUrl\":\"https:\/\/sosprimates.org\/wp\/wp-content\/uploads\/2026\/01\/lllll.jpg\",\"inLanguage\":\"es\"},{\"@type\":\"WebPage\",\"@id\":\"https:\/\/sosprimates.org\/wp\/fr\/2026\/01\/19\/nous-aidons-egalement-le-groupe-lobo-au-portugal\/\",\"url\":\"https:\/\/sosprimates.org\/wp\/fr\/2026\/01\/19\/nous-aidons-egalement-le-groupe-lobo-au-portugal\/\",\"name\":\"\u00abNOUS AIDONS \u00c9GALEMENT LE GROUPE LOBO, AU PORTUGAL.\u00bb - SOS Primates\",\"isPartOf\":{\"@id\":\"https:\/\/sosprimates.org\/wp\/#website\"},\"primaryImageOfPage\":{\"@id\":\"https:\/\/sosprimates.org\/wp\/fr\/2026\/01\/19\/nous-aidons-egalement-le-groupe-lobo-au-portugal\/#primaryimage\"},\"image\":{\"@id\":\"https:\/\/sosprimates.org\/wp\/fr\/2026\/01\/19\/nous-aidons-egalement-le-groupe-lobo-au-portugal\/#primaryimage\"},\"thumbnailUrl\":\"https:\/\/sosprimates.org\/wp\/wp-content\/uploads\/2026\/01\/lllll.jpg\",\"datePublished\":\"2026-01-19T06:52:06+00:00\",\"dateModified\":\"2026-01-26T06:59:04+00:00\",\"breadcrumb\":{\"@id\":\"https:\/\/sosprimates.org\/wp\/fr\/2026\/01\/19\/nous-aidons-egalement-le-groupe-lobo-au-portugal\/#breadcrumb\"},\"inLanguage\":\"es\",\"potentialAction\":[{\"@type\":\"ReadAction\",\"target\":[\"https:\/\/sosprimates.org\/wp\/fr\/2026\/01\/19\/nous-aidons-egalement-le-groupe-lobo-au-portugal\/\"]}]},{\"@type\":\"ImageObject\",\"inLanguage\":\"es\",\"@id\":\"https:\/\/sosprimates.org\/wp\/fr\/2026\/01\/19\/nous-aidons-egalement-le-groupe-lobo-au-portugal\/#primaryimage\",\"url\":\"https:\/\/sosprimates.org\/wp\/wp-content\/uploads\/2026\/01\/lllll.jpg\",\"contentUrl\":\"https:\/\/sosprimates.org\/wp\/wp-content\/uploads\/2026\/01\/lllll.jpg\",\"width\":590,\"height\":393},{\"@type\":\"BreadcrumbList\",\"@id\":\"https:\/\/sosprimates.org\/wp\/fr\/2026\/01\/19\/nous-aidons-egalement-le-groupe-lobo-au-portugal\/#breadcrumb\",\"itemListElement\":[{\"@type\":\"ListItem\",\"position\":1,\"name\":\"Portada\",\"item\":\"https:\/\/sosprimates.org\/wp\/\"},{\"@type\":\"ListItem\",\"position\":2,\"name\":\"\u00abNOUS AIDONS \u00c9GALEMENT LE GROUPE LOBO, AU PORTUGAL.\u00bb\"}]},{\"@type\":\"WebSite\",\"@id\":\"https:\/\/sosprimates.org\/wp\/#website\",\"url\":\"https:\/\/sosprimates.org\/wp\/\",\"name\":\"SOS Primates\",\"description\":\"Su futuro depende de nosotros\",\"publisher\":{\"@id\":\"https:\/\/sosprimates.org\/wp\/#organization\"},\"potentialAction\":[{\"@type\":\"SearchAction\",\"target\":{\"@type\":\"EntryPoint\",\"urlTemplate\":\"https:\/\/sosprimates.org\/wp\/?s={search_term_string}\"},\"query-input\":{\"@type\":\"PropertyValueSpecification\",\"valueRequired\":true,\"valueName\":\"search_term_string\"}}],\"inLanguage\":\"es\"},{\"@type\":\"Organization\",\"@id\":\"https:\/\/sosprimates.org\/wp\/#organization\",\"name\":\"SOS Primates\",\"url\":\"https:\/\/sosprimates.org\/wp\/\",\"logo\":{\"@type\":\"ImageObject\",\"inLanguage\":\"es\",\"@id\":\"https:\/\/sosprimates.org\/wp\/#\/schema\/logo\/image\/\",\"url\":\"https:\/\/sosprimates.org\/wp\/wp-content\/uploads\/2018\/04\/logo-red_peq.jpg\",\"contentUrl\":\"https:\/\/sosprimates.org\/wp\/wp-content\/uploads\/2018\/04\/logo-red_peq.jpg\",\"width\":150,\"height\":48,\"caption\":\"SOS Primates\"},\"image\":{\"@id\":\"https:\/\/sosprimates.org\/wp\/#\/schema\/logo\/image\/\"},\"sameAs\":[\"https:\/\/www.facebook.com\/profile.php?id=100067417628777\",\"https:\/\/www.instagram.com\/sosprimates\/\"]},{\"@type\":\"Person\",\"@id\":\"https:\/\/sosprimates.org\/wp\/#\/schema\/person\/7cc46837e619216cfe284842c4b1a60e\",\"name\":\"Marta Ortiz\",\"image\":{\"@type\":\"ImageObject\",\"inLanguage\":\"es\",\"@id\":\"https:\/\/secure.gravatar.com\/avatar\/ea012ddad7b454b63f8e2ef0256f69a92971254914afb20b300d1f5b6185a95c?s=96&d=mm&r=g\",\"url\":\"https:\/\/secure.gravatar.com\/avatar\/ea012ddad7b454b63f8e2ef0256f69a92971254914afb20b300d1f5b6185a95c?s=96&d=mm&r=g\",\"contentUrl\":\"https:\/\/secure.gravatar.com\/avatar\/ea012ddad7b454b63f8e2ef0256f69a92971254914afb20b300d1f5b6185a95c?s=96&d=mm&r=g\",\"caption\":\"Marta Ortiz\"},\"url\":\"https:\/\/sosprimates.org\/wp\/author\/marta-ortiz\/\"}]}<\/script>\n<!-- \/ Yoast SEO plugin. -->","yoast_head_json":{"title":"\u00abNOUS AIDONS \u00c9GALEMENT LE GROUPE LOBO, AU PORTUGAL.\u00bb - SOS Primates","robots":{"index":"index","follow":"follow","max-snippet":"max-snippet:-1","max-image-preview":"max-image-preview:large","max-video-preview":"max-video-preview:-1"},"canonical":"https:\/\/sosprimates.org\/wp\/fr\/2026\/01\/19\/nous-aidons-egalement-le-groupe-lobo-au-portugal\/","og_locale":"es_ES","og_type":"article","og_title":"\u00abNOUS AIDONS \u00c9GALEMENT LE GROUPE LOBO, AU PORTUGAL.\u00bb - SOS Primates","og_url":"https:\/\/sosprimates.org\/wp\/fr\/2026\/01\/19\/nous-aidons-egalement-le-groupe-lobo-au-portugal\/","og_site_name":"SOS Primates","article_publisher":"https:\/\/www.facebook.com\/profile.php?id=100067417628777","article_published_time":"2026-01-19T06:52:06+00:00","article_modified_time":"2026-01-26T06:59:04+00:00","og_image":[{"width":590,"height":393,"url":"https:\/\/sosprimates.org\/wp\/wp-content\/uploads\/2026\/01\/lllll.jpg","type":"image\/jpeg"}],"author":"Marta Ortiz","twitter_card":"summary_large_image","twitter_misc":{"Escrito por":"Marta Ortiz","Tiempo de lectura":"3 minutos"},"schema":{"@context":"https:\/\/schema.org","@graph":[{"@type":"Article","@id":"https:\/\/sosprimates.org\/wp\/fr\/2026\/01\/19\/nous-aidons-egalement-le-groupe-lobo-au-portugal\/#article","isPartOf":{"@id":"https:\/\/sosprimates.org\/wp\/fr\/2026\/01\/19\/nous-aidons-egalement-le-groupe-lobo-au-portugal\/"},"author":{"name":"Marta Ortiz","@id":"https:\/\/sosprimates.org\/wp\/#\/schema\/person\/7cc46837e619216cfe284842c4b1a60e"},"headline":"\u00abNOUS AIDONS \u00c9GALEMENT LE GROUPE LOBO, AU PORTUGAL.\u00bb","datePublished":"2026-01-19T06:52:06+00:00","dateModified":"2026-01-26T06:59:04+00:00","mainEntityOfPage":{"@id":"https:\/\/sosprimates.org\/wp\/fr\/2026\/01\/19\/nous-aidons-egalement-le-groupe-lobo-au-portugal\/"},"wordCount":502,"publisher":{"@id":"https:\/\/sosprimates.org\/wp\/#organization"},"image":{"@id":"https:\/\/sosprimates.org\/wp\/fr\/2026\/01\/19\/nous-aidons-egalement-le-groupe-lobo-au-portugal\/#primaryimage"},"thumbnailUrl":"https:\/\/sosprimates.org\/wp\/wp-content\/uploads\/2026\/01\/lllll.jpg","inLanguage":"es"},{"@type":"WebPage","@id":"https:\/\/sosprimates.org\/wp\/fr\/2026\/01\/19\/nous-aidons-egalement-le-groupe-lobo-au-portugal\/","url":"https:\/\/sosprimates.org\/wp\/fr\/2026\/01\/19\/nous-aidons-egalement-le-groupe-lobo-au-portugal\/","name":"\u00abNOUS AIDONS \u00c9GALEMENT LE GROUPE LOBO, AU PORTUGAL.\u00bb - SOS Primates","isPartOf":{"@id":"https:\/\/sosprimates.org\/wp\/#website"},"primaryImageOfPage":{"@id":"https:\/\/sosprimates.org\/wp\/fr\/2026\/01\/19\/nous-aidons-egalement-le-groupe-lobo-au-portugal\/#primaryimage"},"image":{"@id":"https:\/\/sosprimates.org\/wp\/fr\/2026\/01\/19\/nous-aidons-egalement-le-groupe-lobo-au-portugal\/#primaryimage"},"thumbnailUrl":"https:\/\/sosprimates.org\/wp\/wp-content\/uploads\/2026\/01\/lllll.jpg","datePublished":"2026-01-19T06:52:06+00:00","dateModified":"2026-01-26T06:59:04+00:00","breadcrumb":{"@id":"https:\/\/sosprimates.org\/wp\/fr\/2026\/01\/19\/nous-aidons-egalement-le-groupe-lobo-au-portugal\/#breadcrumb"},"inLanguage":"es","potentialAction":[{"@type":"ReadAction","target":["https:\/\/sosprimates.org\/wp\/fr\/2026\/01\/19\/nous-aidons-egalement-le-groupe-lobo-au-portugal\/"]}]},{"@type":"ImageObject","inLanguage":"es","@id":"https:\/\/sosprimates.org\/wp\/fr\/2026\/01\/19\/nous-aidons-egalement-le-groupe-lobo-au-portugal\/#primaryimage","url":"https:\/\/sosprimates.org\/wp\/wp-content\/uploads\/2026\/01\/lllll.jpg","contentUrl":"https:\/\/sosprimates.org\/wp\/wp-content\/uploads\/2026\/01\/lllll.jpg","width":590,"height":393},{"@type":"BreadcrumbList","@id":"https:\/\/sosprimates.org\/wp\/fr\/2026\/01\/19\/nous-aidons-egalement-le-groupe-lobo-au-portugal\/#breadcrumb","itemListElement":[{"@type":"ListItem","position":1,"name":"Portada","item":"https:\/\/sosprimates.org\/wp\/"},{"@type":"ListItem","position":2,"name":"\u00abNOUS AIDONS \u00c9GALEMENT LE GROUPE LOBO, AU PORTUGAL.\u00bb"}]},{"@type":"WebSite","@id":"https:\/\/sosprimates.org\/wp\/#website","url":"https:\/\/sosprimates.org\/wp\/","name":"SOS Primates","description":"Su futuro depende de nosotros","publisher":{"@id":"https:\/\/sosprimates.org\/wp\/#organization"},"potentialAction":[{"@type":"SearchAction","target":{"@type":"EntryPoint","urlTemplate":"https:\/\/sosprimates.org\/wp\/?s={search_term_string}"},"query-input":{"@type":"PropertyValueSpecification","valueRequired":true,"valueName":"search_term_string"}}],"inLanguage":"es"},{"@type":"Organization","@id":"https:\/\/sosprimates.org\/wp\/#organization","name":"SOS Primates","url":"https:\/\/sosprimates.org\/wp\/","logo":{"@type":"ImageObject","inLanguage":"es","@id":"https:\/\/sosprimates.org\/wp\/#\/schema\/logo\/image\/","url":"https:\/\/sosprimates.org\/wp\/wp-content\/uploads\/2018\/04\/logo-red_peq.jpg","contentUrl":"https:\/\/sosprimates.org\/wp\/wp-content\/uploads\/2018\/04\/logo-red_peq.jpg","width":150,"height":48,"caption":"SOS Primates"},"image":{"@id":"https:\/\/sosprimates.org\/wp\/#\/schema\/logo\/image\/"},"sameAs":["https:\/\/www.facebook.com\/profile.php?id=100067417628777","https:\/\/www.instagram.com\/sosprimates\/"]},{"@type":"Person","@id":"https:\/\/sosprimates.org\/wp\/#\/schema\/person\/7cc46837e619216cfe284842c4b1a60e","name":"Marta Ortiz","image":{"@type":"ImageObject","inLanguage":"es","@id":"https:\/\/secure.gravatar.com\/avatar\/ea012ddad7b454b63f8e2ef0256f69a92971254914afb20b300d1f5b6185a95c?s=96&d=mm&r=g","url":"https:\/\/secure.gravatar.com\/avatar\/ea012ddad7b454b63f8e2ef0256f69a92971254914afb20b300d1f5b6185a95c?s=96&d=mm&r=g","contentUrl":"https:\/\/secure.gravatar.com\/avatar\/ea012ddad7b454b63f8e2ef0256f69a92971254914afb20b300d1f5b6185a95c?s=96&d=mm&r=g","caption":"Marta Ortiz"},"url":"https:\/\/sosprimates.org\/wp\/author\/marta-ortiz\/"}]}},"jetpack_featured_media_url":"https:\/\/sosprimates.org\/wp\/wp-content\/uploads\/2026\/01\/lllll.jpg","jetpack_sharing_enabled":true,"_links":{"self":[{"href":"https:\/\/sosprimates.org\/wp\/wp-json\/wp\/v2\/posts\/21470","targetHints":{"allow":["GET"]}}],"collection":[{"href":"https:\/\/sosprimates.org\/wp\/wp-json\/wp\/v2\/posts"}],"about":[{"href":"https:\/\/sosprimates.org\/wp\/wp-json\/wp\/v2\/types\/post"}],"author":[{"embeddable":true,"href":"https:\/\/sosprimates.org\/wp\/wp-json\/wp\/v2\/users\/5"}],"replies":[{"embeddable":true,"href":"https:\/\/sosprimates.org\/wp\/wp-json\/wp\/v2\/comments?post=21470"}],"version-history":[{"count":2,"href":"https:\/\/sosprimates.org\/wp\/wp-json\/wp\/v2\/posts\/21470\/revisions"}],"predecessor-version":[{"id":21472,"href":"https:\/\/sosprimates.org\/wp\/wp-json\/wp\/v2\/posts\/21470\/revisions\/21472"}],"wp:featuredmedia":[{"embeddable":true,"href":"https:\/\/sosprimates.org\/wp\/wp-json\/wp\/v2\/media\/21458"}],"wp:attachment":[{"href":"https:\/\/sosprimates.org\/wp\/wp-json\/wp\/v2\/media?parent=21470"}],"wp:term":[{"taxonomy":"category","embeddable":true,"href":"https:\/\/sosprimates.org\/wp\/wp-json\/wp\/v2\/categories?post=21470"},{"taxonomy":"post_tag","embeddable":true,"href":"https:\/\/sosprimates.org\/wp\/wp-json\/wp\/v2\/tags?post=21470"}],"curies":[{"name":"wp","href":"https:\/\/api.w.org\/{rel}","templated":true}]}}