{"id":22173,"date":"2026-04-23T09:01:27","date_gmt":"2026-04-23T08:01:27","guid":{"rendered":"https:\/\/sosprimates.org\/wp\/?p=22173"},"modified":"2026-05-01T09:04:27","modified_gmt":"2026-05-01T08:04:27","slug":"sos-primates-a-une-autre-fete-de-sant-jordi","status":"publish","type":"post","link":"https:\/\/sosprimates.org\/wp\/fr\/2026\/04\/23\/sos-primates-a-une-autre-fete-de-sant-jordi\/","title":{"rendered":"<span class=\"dquo\">\u201c<\/span><span class=\"caps\">SOS<\/span> <span class=\"caps\">PRIMATES<\/span> \u00c0 <span class=\"caps\">UNE<\/span> <span class=\"caps\">AUTRE<\/span> <span class=\"caps\">F\u00caTE<\/span> <span class=\"caps\">DE<\/span> <span class=\"caps\">SANT<\/span>&nbsp;<span class=\"caps\">JORDI<\/span>\u201d"},"content":{"rendered":"<div class=\"fusion-fullwidth fullwidth-box fusion-builder-row-1 fusion-flex-container nonhundred-percent-fullwidth non-hundred-percent-height-scrolling\" style=\"--awb-border-radius-top-left:0px;--awb-border-radius-top-right:0px;--awb-border-radius-bottom-right:0px;--awb-border-radius-bottom-left:0px;--awb-flex-wrap:wrap;\"><div class=\"fusion-builder-row fusion-row fusion-flex-align-items-flex-start fusion-flex-content-wrap\" style=\"max-width:1144px;margin-left: calc(-4% \/ 2 );margin-right: calc(-4% \/ 2 );\"><div class=\"fusion-layout-column fusion_builder_column fusion-builder-column-0 fusion_builder_column_1_1 1_1 fusion-flex-column\" style=\"--awb-bg-size:cover;--awb-width-large:100%;--awb-margin-top-large:0px;--awb-spacing-right-large:1.92%;--awb-margin-bottom-large:0px;--awb-spacing-left-large:1.92%;--awb-width-medium:100%;--awb-spacing-right-medium:1.92%;--awb-spacing-left-medium:1.92%;--awb-width-small:100%;--awb-spacing-right-small:1.92%;--awb-spacing-left-small:1.92%;\"><div class=\"fusion-column-wrapper fusion-flex-justify-content-flex-start fusion-content-layout-column\"><div class=\"fusion-text fusion-text-1\"><p><img decoding=\"async\" class=\"aligncenter wp-image-22167 size-full\" src=\"https:\/\/sosprimates.org\/wp\/wp-content\/uploads\/2026\/05\/aaaaa.jpg\" alt width=\"1038\" height=\"778\" srcset=\"https:\/\/sosprimates.org\/wp\/wp-content\/uploads\/2026\/05\/aaaaa-200x150.jpg 200w, https:\/\/sosprimates.org\/wp\/wp-content\/uploads\/2026\/05\/aaaaa-300x225.jpg 300w, https:\/\/sosprimates.org\/wp\/wp-content\/uploads\/2026\/05\/aaaaa-400x300.jpg 400w, https:\/\/sosprimates.org\/wp\/wp-content\/uploads\/2026\/05\/aaaaa-600x450.jpg 600w, https:\/\/sosprimates.org\/wp\/wp-content\/uploads\/2026\/05\/aaaaa-768x576.jpg 768w, https:\/\/sosprimates.org\/wp\/wp-content\/uploads\/2026\/05\/aaaaa-800x600.jpg 800w, https:\/\/sosprimates.org\/wp\/wp-content\/uploads\/2026\/05\/aaaaa-1024x768.jpg 1024w, https:\/\/sosprimates.org\/wp\/wp-content\/uploads\/2026\/05\/aaaaa.jpg 1038w\" sizes=\"(max-width: 1038px) 100vw, 1038px\"><\/p>\n<p>Le 23 avril der\u00adnier, jour de la Sant Jor\u00addi (Saint Geor\u00adges), a \u00e9t\u00e9 une lon\u00adgue jour\u00adn\u00e9e pour <strong><a href=\"https:\/\/sosprimates.org\/wp\/wp-admin\/\" target=\"_blank\" rel=\"noopener\"><span class=\"caps\">SOS<\/span> Pri\u00adma\u00adtes<\/a><\/strong> : nous avons com\u00admen\u00adc\u00e9 d\u00e8s 6 heu\u00adres du matin \u00e0 aller cher\u00adcher les roses au Mar\u00adch\u00e9. D\u2019autres coll\u00e8\u00adgues s\u2019\u00e9taient d\u00e9j\u00e0 atte\u00adl\u00e9s depuis plu\u00adsieurs jours \u00e0 la d\u00e9cou\u00adpe du mat\u00e9\u00adriel et \u00e0 la pr\u00e9\u00adpa\u00adra\u00adtion de l\u2019ensemble. Notre \u00e9qui\u00adpe a assem\u00adbl\u00e9 \u00e0 la main plus de 200 roses, sans uti\u00adli\u00adser de plas\u00adti\u00adque et avec beau\u00adcoup d\u2019enthousiasme. Nous y avons pas\u00ads\u00e9 tou\u00adte la jour\u00adn\u00e9e et avons r\u00e9us\u00adsi \u00e0 pres\u00adque tou\u00adtes les ven\u00addre, un v\u00e9ri\u00adta\u00adble suc\u00adc\u00e8s. Sans aucun dou\u00adte, nous avons \u00e9t\u00e9 aid\u00e9s par les com\u00adman\u00addes pas\u00ads\u00e9es par cer\u00adtains emplo\u00ady\u00e9s du <a href=\"https:\/\/zoobarcelona.cat\/es\" target=\"_blank\" rel=\"noopener\">Zoo de Bar\u00adce\u00adlo\u00adne<\/a> et le bou\u00adquet soli\u00addai\u00adre des\u00adti\u00adn\u00e9 <a href=\"https:\/\/hospitalevangelicdebarcelona.com\/es\/\" target=\"_blank\" rel=\"noopener\">\u00e0 l\u2019H\u00f4pital \u00c9van\u00adg\u00e9\u00adli\u00adque de Bar\u00adce\u00adlo\u00adne<\/a>, qui comp\u00adtait 36 roses (mer\u00adci \u00e0 M\u00e9la\u00adnie, Gra\u00adcie\u00adla, Car\u00adlos, Ana Mar\u00eda, Marc, Estel et N\u00faria) et qui a \u00e9t\u00e9 remis aux res\u00adpon\u00adsa\u00adbles de cet \u00e9ta\u00adblis\u00adse\u00adment&nbsp;; vous pou\u00advez lire les mots de remer\u00adcie\u00adment qu\u2019ils nous ont adress\u00e9s.<\/p>\n<p>Mille mer\u00adcis \u00e0 tous ceux qui ont colla\u00adbo\u00adr\u00e9 avec nous, car vous l\u2019avez fait pour les pri\u00adma\u00adtes du <span class=\"caps\">CRPL<\/span>, <a href=\"https:\/\/www.lwiroprimates.org\/\" target=\"_blank\" rel=\"noopener\">Lwi\u00adro Pri\u00adma\u00adtes<\/a>, en R\u00e9pu\u00adbli\u00adque D\u00e9mo\u00adcra\u00adti\u00adque du Con\u00adgo, com\u00adme Bana\u00adlia, sur la pho\u00adto. Et bien s\u00fbr, mer\u00adci \u00e0 notre \u00e9qui\u00adpe de b\u00e9n\u00e9\u00advo\u00adles (N\u00faria, Rebe\u00adca, Jose, Jos\u00e9, Ana Mar\u00eda et Auro\u00adra) qui sont notre plus grand tr\u00e9sor.<\/p>\n<p><img decoding=\"async\" class=\"aligncenter wp-image-22169 size-fusion-400\" src=\"https:\/\/sosprimates.org\/wp\/wp-content\/uploads\/2026\/05\/b-400x703.jpg\" alt width=\"400\" height=\"703\" srcset=\"https:\/\/sosprimates.org\/wp\/wp-content\/uploads\/2026\/05\/b-171x300.jpg 171w, https:\/\/sosprimates.org\/wp\/wp-content\/uploads\/2026\/05\/b-200x352.jpg 200w, https:\/\/sosprimates.org\/wp\/wp-content\/uploads\/2026\/05\/b-400x703.jpg 400w, https:\/\/sosprimates.org\/wp\/wp-content\/uploads\/2026\/05\/b.jpg 493w\" sizes=\"(max-width: 400px) 100vw, 400px\"><\/p>\n<p><img decoding=\"async\" class=\"aligncenter wp-image-22168 size-full\" src=\"https:\/\/sosprimates.org\/wp\/wp-content\/uploads\/2026\/05\/c.jpg\" alt width=\"726\" height=\"408\" srcset=\"https:\/\/sosprimates.org\/wp\/wp-content\/uploads\/2026\/05\/c-200x112.jpg 200w, https:\/\/sosprimates.org\/wp\/wp-content\/uploads\/2026\/05\/c-300x169.jpg 300w, https:\/\/sosprimates.org\/wp\/wp-content\/uploads\/2026\/05\/c-400x225.jpg 400w, https:\/\/sosprimates.org\/wp\/wp-content\/uploads\/2026\/05\/c-600x337.jpg 600w, https:\/\/sosprimates.org\/wp\/wp-content\/uploads\/2026\/05\/c.jpg 726w\" sizes=\"(max-width: 726px) 100vw, 726px\"><\/p>\n<p><img decoding=\"async\" class=\"aligncenter wp-image-22170 size-fusion-600\" src=\"https:\/\/sosprimates.org\/wp\/wp-content\/uploads\/2026\/05\/d-600x600.jpg\" alt width=\"600\" height=\"600\" srcset=\"https:\/\/sosprimates.org\/wp\/wp-content\/uploads\/2026\/05\/d-66x66.jpg 66w, https:\/\/sosprimates.org\/wp\/wp-content\/uploads\/2026\/05\/d-150x150.jpg 150w, https:\/\/sosprimates.org\/wp\/wp-content\/uploads\/2026\/05\/d-200x200.jpg 200w, https:\/\/sosprimates.org\/wp\/wp-content\/uploads\/2026\/05\/d-300x300.jpg 300w, https:\/\/sosprimates.org\/wp\/wp-content\/uploads\/2026\/05\/d-400x400.jpg 400w, https:\/\/sosprimates.org\/wp\/wp-content\/uploads\/2026\/05\/d-600x600.jpg 600w, https:\/\/sosprimates.org\/wp\/wp-content\/uploads\/2026\/05\/d.jpg 673w\" sizes=\"(max-width: 600px) 100vw, 600px\"><\/p>\n<\/div><\/div><\/div><\/div><\/div>\n","protected":false},"excerpt":{"rendered":"","protected":false},"author":5,"featured_media":22167,"comment_status":"closed","ping_status":"closed","sticky":false,"template":"","format":"standard","meta":{"wp_typography_post_enhancements_disabled":false,"_jetpack_memberships_contains_paid_content":false,"footnotes":""},"categories":[101],"tags":[],"class_list":["post-22173","post","type-post","status-publish","format-standard","has-post-thumbnail","hentry","category-sin-categoria-fr"],"yoast_head":"<!-- This site is optimized with the Yoast SEO plugin v27.2 - https:\/\/yoast.com\/product\/yoast-seo-wordpress\/ -->\n<title>\u201cSOS PRIMATES \u00c0 UNE AUTRE F\u00caTE DE SANT JORDI\u201d - SOS Primates<\/title>\n<meta name=\"robots\" content=\"index, follow, max-snippet:-1, max-image-preview:large, max-video-preview:-1\" \/>\n<link rel=\"canonical\" href=\"https:\/\/sosprimates.org\/wp\/fr\/2026\/04\/23\/sos-primates-a-une-autre-fete-de-sant-jordi\/\" \/>\n<meta property=\"og:locale\" content=\"es_ES\" \/>\n<meta property=\"og:type\" content=\"article\" \/>\n<meta property=\"og:title\" content=\"\u201cSOS PRIMATES \u00c0 UNE AUTRE F\u00caTE DE SANT JORDI\u201d - SOS Primates\" \/>\n<meta property=\"og:url\" content=\"https:\/\/sosprimates.org\/wp\/fr\/2026\/04\/23\/sos-primates-a-une-autre-fete-de-sant-jordi\/\" \/>\n<meta property=\"og:site_name\" content=\"SOS Primates\" \/>\n<meta property=\"article:publisher\" content=\"https:\/\/www.facebook.com\/profile.php?id=100067417628777\" \/>\n<meta property=\"article:published_time\" content=\"2026-04-23T08:01:27+00:00\" \/>\n<meta property=\"article:modified_time\" content=\"2026-05-01T08:04:27+00:00\" \/>\n<meta property=\"og:image\" content=\"https:\/\/sosprimates.org\/wp\/wp-content\/uploads\/2026\/05\/aaaaa.jpg\" \/>\n\t<meta property=\"og:image:width\" content=\"1038\" \/>\n\t<meta property=\"og:image:height\" content=\"778\" \/>\n\t<meta property=\"og:image:type\" content=\"image\/jpeg\" \/>\n<meta name=\"author\" content=\"Marta Ortiz\" \/>\n<meta name=\"twitter:card\" content=\"summary_large_image\" \/>\n<meta name=\"twitter:label1\" content=\"Escrito por\" \/>\n\t<meta name=\"twitter:data1\" content=\"Marta Ortiz\" \/>\n\t<meta name=\"twitter:label2\" content=\"Tiempo de lectura\" \/>\n\t<meta name=\"twitter:data2\" content=\"2 minutos\" \/>\n<script type=\"application\/ld+json\" class=\"yoast-schema-graph\">{\"@context\":\"https:\/\/schema.org\",\"@graph\":[{\"@type\":\"Article\",\"@id\":\"https:\/\/sosprimates.org\/wp\/fr\/2026\/04\/23\/sos-primates-a-une-autre-fete-de-sant-jordi\/#article\",\"isPartOf\":{\"@id\":\"https:\/\/sosprimates.org\/wp\/fr\/2026\/04\/23\/sos-primates-a-une-autre-fete-de-sant-jordi\/\"},\"author\":{\"name\":\"Marta Ortiz\",\"@id\":\"https:\/\/sosprimates.org\/wp\/#\/schema\/person\/7cc46837e619216cfe284842c4b1a60e\"},\"headline\":\"\u201cSOS PRIMATES \u00c0 UNE AUTRE F\u00caTE DE SANT&nbsp;JORDI\u201d\",\"datePublished\":\"2026-04-23T08:01:27+00:00\",\"dateModified\":\"2026-05-01T08:04:27+00:00\",\"mainEntityOfPage\":{\"@id\":\"https:\/\/sosprimates.org\/wp\/fr\/2026\/04\/23\/sos-primates-a-une-autre-fete-de-sant-jordi\/\"},\"wordCount\":411,\"publisher\":{\"@id\":\"https:\/\/sosprimates.org\/wp\/#organization\"},\"image\":{\"@id\":\"https:\/\/sosprimates.org\/wp\/fr\/2026\/04\/23\/sos-primates-a-une-autre-fete-de-sant-jordi\/#primaryimage\"},\"thumbnailUrl\":\"https:\/\/sosprimates.org\/wp\/wp-content\/uploads\/2026\/05\/aaaaa.jpg\",\"inLanguage\":\"es\"},{\"@type\":\"WebPage\",\"@id\":\"https:\/\/sosprimates.org\/wp\/fr\/2026\/04\/23\/sos-primates-a-une-autre-fete-de-sant-jordi\/\",\"url\":\"https:\/\/sosprimates.org\/wp\/fr\/2026\/04\/23\/sos-primates-a-une-autre-fete-de-sant-jordi\/\",\"name\":\"\u201cSOS PRIMATES \u00c0 UNE AUTRE F\u00caTE DE SANT JORDI\u201d - SOS Primates\",\"isPartOf\":{\"@id\":\"https:\/\/sosprimates.org\/wp\/#website\"},\"primaryImageOfPage\":{\"@id\":\"https:\/\/sosprimates.org\/wp\/fr\/2026\/04\/23\/sos-primates-a-une-autre-fete-de-sant-jordi\/#primaryimage\"},\"image\":{\"@id\":\"https:\/\/sosprimates.org\/wp\/fr\/2026\/04\/23\/sos-primates-a-une-autre-fete-de-sant-jordi\/#primaryimage\"},\"thumbnailUrl\":\"https:\/\/sosprimates.org\/wp\/wp-content\/uploads\/2026\/05\/aaaaa.jpg\",\"datePublished\":\"2026-04-23T08:01:27+00:00\",\"dateModified\":\"2026-05-01T08:04:27+00:00\",\"breadcrumb\":{\"@id\":\"https:\/\/sosprimates.org\/wp\/fr\/2026\/04\/23\/sos-primates-a-une-autre-fete-de-sant-jordi\/#breadcrumb\"},\"inLanguage\":\"es\",\"potentialAction\":[{\"@type\":\"ReadAction\",\"target\":[\"https:\/\/sosprimates.org\/wp\/fr\/2026\/04\/23\/sos-primates-a-une-autre-fete-de-sant-jordi\/\"]}]},{\"@type\":\"ImageObject\",\"inLanguage\":\"es\",\"@id\":\"https:\/\/sosprimates.org\/wp\/fr\/2026\/04\/23\/sos-primates-a-une-autre-fete-de-sant-jordi\/#primaryimage\",\"url\":\"https:\/\/sosprimates.org\/wp\/wp-content\/uploads\/2026\/05\/aaaaa.jpg\",\"contentUrl\":\"https:\/\/sosprimates.org\/wp\/wp-content\/uploads\/2026\/05\/aaaaa.jpg\",\"width\":1038,\"height\":778},{\"@type\":\"BreadcrumbList\",\"@id\":\"https:\/\/sosprimates.org\/wp\/fr\/2026\/04\/23\/sos-primates-a-une-autre-fete-de-sant-jordi\/#breadcrumb\",\"itemListElement\":[{\"@type\":\"ListItem\",\"position\":1,\"name\":\"Portada\",\"item\":\"https:\/\/sosprimates.org\/wp\/\"},{\"@type\":\"ListItem\",\"position\":2,\"name\":\"\u201cSOS PRIMATES \u00c0 UNE AUTRE F\u00caTE DE SANT JORDI\u201d\"}]},{\"@type\":\"WebSite\",\"@id\":\"https:\/\/sosprimates.org\/wp\/#website\",\"url\":\"https:\/\/sosprimates.org\/wp\/\",\"name\":\"SOS Primates\",\"description\":\"Su futuro depende de nosotros\",\"publisher\":{\"@id\":\"https:\/\/sosprimates.org\/wp\/#organization\"},\"potentialAction\":[{\"@type\":\"SearchAction\",\"target\":{\"@type\":\"EntryPoint\",\"urlTemplate\":\"https:\/\/sosprimates.org\/wp\/?s={search_term_string}\"},\"query-input\":{\"@type\":\"PropertyValueSpecification\",\"valueRequired\":true,\"valueName\":\"search_term_string\"}}],\"inLanguage\":\"es\"},{\"@type\":\"Organization\",\"@id\":\"https:\/\/sosprimates.org\/wp\/#organization\",\"name\":\"SOS Primates\",\"url\":\"https:\/\/sosprimates.org\/wp\/\",\"logo\":{\"@type\":\"ImageObject\",\"inLanguage\":\"es\",\"@id\":\"https:\/\/sosprimates.org\/wp\/#\/schema\/logo\/image\/\",\"url\":\"https:\/\/sosprimates.org\/wp\/wp-content\/uploads\/2018\/04\/logo-red_peq.jpg\",\"contentUrl\":\"https:\/\/sosprimates.org\/wp\/wp-content\/uploads\/2018\/04\/logo-red_peq.jpg\",\"width\":150,\"height\":48,\"caption\":\"SOS Primates\"},\"image\":{\"@id\":\"https:\/\/sosprimates.org\/wp\/#\/schema\/logo\/image\/\"},\"sameAs\":[\"https:\/\/www.facebook.com\/profile.php?id=100067417628777\",\"https:\/\/www.instagram.com\/sosprimates\/\"]},{\"@type\":\"Person\",\"@id\":\"https:\/\/sosprimates.org\/wp\/#\/schema\/person\/7cc46837e619216cfe284842c4b1a60e\",\"name\":\"Marta Ortiz\",\"image\":{\"@type\":\"ImageObject\",\"inLanguage\":\"es\",\"@id\":\"https:\/\/secure.gravatar.com\/avatar\/ea012ddad7b454b63f8e2ef0256f69a92971254914afb20b300d1f5b6185a95c?s=96&d=mm&r=g\",\"url\":\"https:\/\/secure.gravatar.com\/avatar\/ea012ddad7b454b63f8e2ef0256f69a92971254914afb20b300d1f5b6185a95c?s=96&d=mm&r=g\",\"contentUrl\":\"https:\/\/secure.gravatar.com\/avatar\/ea012ddad7b454b63f8e2ef0256f69a92971254914afb20b300d1f5b6185a95c?s=96&d=mm&r=g\",\"caption\":\"Marta Ortiz\"},\"url\":\"https:\/\/sosprimates.org\/wp\/author\/marta-ortiz\/\"}]}<\/script>\n<!-- \/ Yoast SEO plugin. -->","yoast_head_json":{"title":"\u201cSOS PRIMATES \u00c0 UNE AUTRE F\u00caTE DE SANT JORDI\u201d - SOS Primates","robots":{"index":"index","follow":"follow","max-snippet":"max-snippet:-1","max-image-preview":"max-image-preview:large","max-video-preview":"max-video-preview:-1"},"canonical":"https:\/\/sosprimates.org\/wp\/fr\/2026\/04\/23\/sos-primates-a-une-autre-fete-de-sant-jordi\/","og_locale":"es_ES","og_type":"article","og_title":"\u201cSOS PRIMATES \u00c0 UNE AUTRE F\u00caTE DE SANT JORDI\u201d - SOS Primates","og_url":"https:\/\/sosprimates.org\/wp\/fr\/2026\/04\/23\/sos-primates-a-une-autre-fete-de-sant-jordi\/","og_site_name":"SOS Primates","article_publisher":"https:\/\/www.facebook.com\/profile.php?id=100067417628777","article_published_time":"2026-04-23T08:01:27+00:00","article_modified_time":"2026-05-01T08:04:27+00:00","og_image":[{"width":1038,"height":778,"url":"https:\/\/sosprimates.org\/wp\/wp-content\/uploads\/2026\/05\/aaaaa.jpg","type":"image\/jpeg"}],"author":"Marta Ortiz","twitter_card":"summary_large_image","twitter_misc":{"Escrito por":"Marta Ortiz","Tiempo de lectura":"2 minutos"},"schema":{"@context":"https:\/\/schema.org","@graph":[{"@type":"Article","@id":"https:\/\/sosprimates.org\/wp\/fr\/2026\/04\/23\/sos-primates-a-une-autre-fete-de-sant-jordi\/#article","isPartOf":{"@id":"https:\/\/sosprimates.org\/wp\/fr\/2026\/04\/23\/sos-primates-a-une-autre-fete-de-sant-jordi\/"},"author":{"name":"Marta Ortiz","@id":"https:\/\/sosprimates.org\/wp\/#\/schema\/person\/7cc46837e619216cfe284842c4b1a60e"},"headline":"\u201cSOS PRIMATES \u00c0 UNE AUTRE F\u00caTE DE SANT&nbsp;JORDI\u201d","datePublished":"2026-04-23T08:01:27+00:00","dateModified":"2026-05-01T08:04:27+00:00","mainEntityOfPage":{"@id":"https:\/\/sosprimates.org\/wp\/fr\/2026\/04\/23\/sos-primates-a-une-autre-fete-de-sant-jordi\/"},"wordCount":411,"publisher":{"@id":"https:\/\/sosprimates.org\/wp\/#organization"},"image":{"@id":"https:\/\/sosprimates.org\/wp\/fr\/2026\/04\/23\/sos-primates-a-une-autre-fete-de-sant-jordi\/#primaryimage"},"thumbnailUrl":"https:\/\/sosprimates.org\/wp\/wp-content\/uploads\/2026\/05\/aaaaa.jpg","inLanguage":"es"},{"@type":"WebPage","@id":"https:\/\/sosprimates.org\/wp\/fr\/2026\/04\/23\/sos-primates-a-une-autre-fete-de-sant-jordi\/","url":"https:\/\/sosprimates.org\/wp\/fr\/2026\/04\/23\/sos-primates-a-une-autre-fete-de-sant-jordi\/","name":"\u201cSOS PRIMATES \u00c0 UNE AUTRE F\u00caTE DE SANT JORDI\u201d - SOS Primates","isPartOf":{"@id":"https:\/\/sosprimates.org\/wp\/#website"},"primaryImageOfPage":{"@id":"https:\/\/sosprimates.org\/wp\/fr\/2026\/04\/23\/sos-primates-a-une-autre-fete-de-sant-jordi\/#primaryimage"},"image":{"@id":"https:\/\/sosprimates.org\/wp\/fr\/2026\/04\/23\/sos-primates-a-une-autre-fete-de-sant-jordi\/#primaryimage"},"thumbnailUrl":"https:\/\/sosprimates.org\/wp\/wp-content\/uploads\/2026\/05\/aaaaa.jpg","datePublished":"2026-04-23T08:01:27+00:00","dateModified":"2026-05-01T08:04:27+00:00","breadcrumb":{"@id":"https:\/\/sosprimates.org\/wp\/fr\/2026\/04\/23\/sos-primates-a-une-autre-fete-de-sant-jordi\/#breadcrumb"},"inLanguage":"es","potentialAction":[{"@type":"ReadAction","target":["https:\/\/sosprimates.org\/wp\/fr\/2026\/04\/23\/sos-primates-a-une-autre-fete-de-sant-jordi\/"]}]},{"@type":"ImageObject","inLanguage":"es","@id":"https:\/\/sosprimates.org\/wp\/fr\/2026\/04\/23\/sos-primates-a-une-autre-fete-de-sant-jordi\/#primaryimage","url":"https:\/\/sosprimates.org\/wp\/wp-content\/uploads\/2026\/05\/aaaaa.jpg","contentUrl":"https:\/\/sosprimates.org\/wp\/wp-content\/uploads\/2026\/05\/aaaaa.jpg","width":1038,"height":778},{"@type":"BreadcrumbList","@id":"https:\/\/sosprimates.org\/wp\/fr\/2026\/04\/23\/sos-primates-a-une-autre-fete-de-sant-jordi\/#breadcrumb","itemListElement":[{"@type":"ListItem","position":1,"name":"Portada","item":"https:\/\/sosprimates.org\/wp\/"},{"@type":"ListItem","position":2,"name":"\u201cSOS PRIMATES \u00c0 UNE AUTRE F\u00caTE DE SANT JORDI\u201d"}]},{"@type":"WebSite","@id":"https:\/\/sosprimates.org\/wp\/#website","url":"https:\/\/sosprimates.org\/wp\/","name":"SOS Primates","description":"Su futuro depende de nosotros","publisher":{"@id":"https:\/\/sosprimates.org\/wp\/#organization"},"potentialAction":[{"@type":"SearchAction","target":{"@type":"EntryPoint","urlTemplate":"https:\/\/sosprimates.org\/wp\/?s={search_term_string}"},"query-input":{"@type":"PropertyValueSpecification","valueRequired":true,"valueName":"search_term_string"}}],"inLanguage":"es"},{"@type":"Organization","@id":"https:\/\/sosprimates.org\/wp\/#organization","name":"SOS Primates","url":"https:\/\/sosprimates.org\/wp\/","logo":{"@type":"ImageObject","inLanguage":"es","@id":"https:\/\/sosprimates.org\/wp\/#\/schema\/logo\/image\/","url":"https:\/\/sosprimates.org\/wp\/wp-content\/uploads\/2018\/04\/logo-red_peq.jpg","contentUrl":"https:\/\/sosprimates.org\/wp\/wp-content\/uploads\/2018\/04\/logo-red_peq.jpg","width":150,"height":48,"caption":"SOS Primates"},"image":{"@id":"https:\/\/sosprimates.org\/wp\/#\/schema\/logo\/image\/"},"sameAs":["https:\/\/www.facebook.com\/profile.php?id=100067417628777","https:\/\/www.instagram.com\/sosprimates\/"]},{"@type":"Person","@id":"https:\/\/sosprimates.org\/wp\/#\/schema\/person\/7cc46837e619216cfe284842c4b1a60e","name":"Marta Ortiz","image":{"@type":"ImageObject","inLanguage":"es","@id":"https:\/\/secure.gravatar.com\/avatar\/ea012ddad7b454b63f8e2ef0256f69a92971254914afb20b300d1f5b6185a95c?s=96&d=mm&r=g","url":"https:\/\/secure.gravatar.com\/avatar\/ea012ddad7b454b63f8e2ef0256f69a92971254914afb20b300d1f5b6185a95c?s=96&d=mm&r=g","contentUrl":"https:\/\/secure.gravatar.com\/avatar\/ea012ddad7b454b63f8e2ef0256f69a92971254914afb20b300d1f5b6185a95c?s=96&d=mm&r=g","caption":"Marta Ortiz"},"url":"https:\/\/sosprimates.org\/wp\/author\/marta-ortiz\/"}]}},"jetpack_featured_media_url":"https:\/\/sosprimates.org\/wp\/wp-content\/uploads\/2026\/05\/aaaaa.jpg","jetpack_sharing_enabled":true,"_links":{"self":[{"href":"https:\/\/sosprimates.org\/wp\/wp-json\/wp\/v2\/posts\/22173","targetHints":{"allow":["GET"]}}],"collection":[{"href":"https:\/\/sosprimates.org\/wp\/wp-json\/wp\/v2\/posts"}],"about":[{"href":"https:\/\/sosprimates.org\/wp\/wp-json\/wp\/v2\/types\/post"}],"author":[{"embeddable":true,"href":"https:\/\/sosprimates.org\/wp\/wp-json\/wp\/v2\/users\/5"}],"replies":[{"embeddable":true,"href":"https:\/\/sosprimates.org\/wp\/wp-json\/wp\/v2\/comments?post=22173"}],"version-history":[{"count":2,"href":"https:\/\/sosprimates.org\/wp\/wp-json\/wp\/v2\/posts\/22173\/revisions"}],"predecessor-version":[{"id":22175,"href":"https:\/\/sosprimates.org\/wp\/wp-json\/wp\/v2\/posts\/22173\/revisions\/22175"}],"wp:featuredmedia":[{"embeddable":true,"href":"https:\/\/sosprimates.org\/wp\/wp-json\/wp\/v2\/media\/22167"}],"wp:attachment":[{"href":"https:\/\/sosprimates.org\/wp\/wp-json\/wp\/v2\/media?parent=22173"}],"wp:term":[{"taxonomy":"category","embeddable":true,"href":"https:\/\/sosprimates.org\/wp\/wp-json\/wp\/v2\/categories?post=22173"},{"taxonomy":"post_tag","embeddable":true,"href":"https:\/\/sosprimates.org\/wp\/wp-json\/wp\/v2\/tags?post=22173"}],"curies":[{"name":"wp","href":"https:\/\/api.w.org\/{rel}","templated":true}]}}